{"id":51106,"date":"2024-07-12T09:00:54","date_gmt":"2024-07-12T07:00:54","guid":{"rendered":"https:\/\/www.cnelbalis.com\/?p=51106"},"modified":"2024-07-12T09:00:54","modified_gmt":"2024-07-12T07:00:54","slug":"les-tripulacions-del-cn-el-balis-brillen-als-europeus-amb-grans-resultats","status":"publish","type":"post","link":"https:\/\/www.cnelbalis.com\/ca\/les-tripulacions-del-cn-el-balis-brillen-als-europeus-amb-grans-resultats\/","title":{"rendered":"Les tripulacions del CN El Bal\u00eds brillen als Europeus amb grans resultats"},"content":{"rendered":"<p><img loading=\"lazy\" decoding=\"async\" class=\"aligncenter size-full wp-image-51107\" src=\"https:\/\/www.cnelbalis.com\/wp-content\/uploads\/2024\/07\/classificacio-Raholas.jpeg\" alt=\"\" width=\"1080\" height=\"706\" srcset=\"https:\/\/www.cnelbalis.com\/wp-content\/uploads\/2024\/07\/classificacio-Raholas.jpeg 1080w, https:\/\/www.cnelbalis.com\/wp-content\/uploads\/2024\/07\/classificacio-Raholas-300x196.jpeg 300w, https:\/\/www.cnelbalis.com\/wp-content\/uploads\/2024\/07\/classificacio-Raholas-1024x669.jpeg 1024w, https:\/\/www.cnelbalis.com\/wp-content\/uploads\/2024\/07\/classificacio-Raholas-768x502.jpeg 768w\" sizes=\"auto, (max-width: 1080px) 100vw, 1080px\" \/><\/p>\n<p style=\"text-align: center;\"><em>&#8220;Les germanes Rahola (Jana i Martina), al podi com ha subcampiones d&#8217;Europa sub-17&#8221;<\/em><\/p>\n<p>Setmana intensa i plena d&#8217;\u00e8xits per les tripulacions del CN El Bal\u00eds, que han participat en dos esdeveniments de gran rellev\u00e0ncia internacional: l&#8217;Europeu Absolut 420 i l&#8217;Europeu d&#8217;Optimist.<\/p>\n<p>El primer, que s&#8217;ha disputat Portoro\u017e (Eslovenia) entre l&#8217;1 i el 9 de juliol, ha comptat amb <strong>la participaci\u00f3 de 13 tripulants del Bal\u00eds<\/strong>. En total, s&#8217;han inscrit 250 embarcacions de tot el m\u00f3n, 29 d&#8217;elles nacionals. Espanya ha obtingut 4 podis i una vict\u00f2ria en categoria femenina.<\/p>\n<p>Pel que fa al Bal\u00eds, l&#8217;actuaci\u00f3 m\u00e9s destacada ha estat la de <strong>les germanes Rahola (Jana i Martina), que s&#8217;han proclamat subcampiones d&#8217;Europa sub-17<\/strong>. Un resultat que demostra que el subcampionat del m\u00f3n que van obtenir al gener al Brasil en la mateixa categoria no va ser casualitat. Per la seva banda, Pol Mateu i Quim Serra han obtingut una m\u00e9s que merit\u00f2ria cinquena posici\u00f3 en la categoria masculina absoluta.<\/p>\n<p>Repassem la resta de resultats a continuaci\u00f3:<\/p>\n<p><strong><u>Categoria masculina absoluta:<\/u><\/strong><\/p>\n<p>Pau Llibre i Albert Marsans P13<\/p>\n<p><strong><u>Categoria mixta:<\/u><\/strong><\/p>\n<p>Carla Romagosa P14 (fent parella amb Pedro Sotomayor del CN El Masnou)<\/p>\n<p><strong><u>Categoria U17:<\/u><\/strong><\/p>\n<p>Mar\u00eda Blanco i Alex Camps P18<\/p>\n<p><strong>Destacada actuaci\u00f3 de Joan Lleonart<\/strong><\/p>\n<p>Per la seva banda, Joan Lleonart ha aconseguit una espectacular <strong>desena posici\u00f3 a l&#8217;Europeu d&#8217;Optimist<\/strong> celebrat a Carrara (It\u00e0lia). Despr\u00e9s de proclamar-se campi\u00f3 d&#8217;Espanya de la categoria, Lleonart ha demostrat tot el seu talent situant-se en el top 10 d&#8217;una prova d&#8217;alt\u00edssima exig\u00e8ncia. Aquest resultat \u00e9s extraordinari per al jove regatista del Bal\u00eds, que t\u00e9 una prometedora carrera per davant.<\/p>\n<p>\u00c9s un orgull tenir una representaci\u00f3 tan \u00e0mplia en campionats de tant prestigi com aquests. Traspassem fronteres gr\u00e0cies als nostres regatistes, que s\u00f3n el nostre orgull.\u00ad\u00ad<\/p>\n","protected":false},"excerpt":{"rendered":"<p>&#8220;Les germanes Rahola (Jana i Martina), al podi com ha subcampiones d&#8217;Europa sub-17&#8221; Setmana intensa i plena d&#8217;\u00e8xits per les tripulacions del CN El Bal\u00eds, que han participat en dos esdeveniments de gran rellev\u00e0ncia internacional: l&#8217;Europeu Absolut 420 i l&#8217;Europeu d&#8217;Optimist. El primer, que s&#8217;ha disputat Portoro\u017e (Eslovenia) entre l&#8217;1 i el 9 de juliol, [&hellip;]<\/p>\n","protected":false},"author":6,"featured_media":51111,"comment_status":"closed","ping_status":"closed","sticky":false,"template":"","format":"standard","meta":{"footnotes":""},"categories":[783,782,8,788],"tags":[],"class_list":["post-51106","post","type-post","status-publish","format-standard","has-post-thumbnail","hentry","category-escola","category-esport","category-noticies","category-vela-ca"],"acf":[],"_links":{"self":[{"href":"https:\/\/www.cnelbalis.com\/ca\/wp-json\/wp\/v2\/posts\/51106","targetHints":{"allow":["GET"]}}],"collection":[{"href":"https:\/\/www.cnelbalis.com\/ca\/wp-json\/wp\/v2\/posts"}],"about":[{"href":"https:\/\/www.cnelbalis.com\/ca\/wp-json\/wp\/v2\/types\/post"}],"author":[{"embeddable":true,"href":"https:\/\/www.cnelbalis.com\/ca\/wp-json\/wp\/v2\/users\/6"}],"replies":[{"embeddable":true,"href":"https:\/\/www.cnelbalis.com\/ca\/wp-json\/wp\/v2\/comments?post=51106"}],"version-history":[{"count":2,"href":"https:\/\/www.cnelbalis.com\/ca\/wp-json\/wp\/v2\/posts\/51106\/revisions"}],"predecessor-version":[{"id":51116,"href":"https:\/\/www.cnelbalis.com\/ca\/wp-json\/wp\/v2\/posts\/51106\/revisions\/51116"}],"wp:featuredmedia":[{"embeddable":true,"href":"https:\/\/www.cnelbalis.com\/ca\/wp-json\/wp\/v2\/media\/51111"}],"wp:attachment":[{"href":"https:\/\/www.cnelbalis.com\/ca\/wp-json\/wp\/v2\/media?parent=51106"}],"wp:term":[{"taxonomy":"category","embeddable":true,"href":"https:\/\/www.cnelbalis.com\/ca\/wp-json\/wp\/v2\/categories?post=51106"},{"taxonomy":"post_tag","embeddable":true,"href":"https:\/\/www.cnelbalis.com\/ca\/wp-json\/wp\/v2\/tags?post=51106"}],"curies":[{"name":"wp","href":"https:\/\/api.w.org\/{rel}","templated":true}]}}