{"id":50660,"date":"2024-06-18T16:16:55","date_gmt":"2024-06-18T14:16:55","guid":{"rendered":"https:\/\/www.cnelbalis.com\/?p=50660"},"modified":"2024-06-18T16:16:55","modified_gmt":"2024-06-18T14:16:55","slug":"el-balis-subcampio-de-catalunya-doptimist-per-equips","status":"publish","type":"post","link":"https:\/\/www.cnelbalis.com\/ca\/el-balis-subcampio-de-catalunya-doptimist-per-equips\/","title":{"rendered":"El Bal\u00eds, Subcampi\u00f3 de Catalunya d&#8217;Optimist per Equips!"},"content":{"rendered":"<p><img loading=\"lazy\" decoding=\"async\" class=\"aligncenter size-full wp-image-50661\" src=\"https:\/\/www.cnelbalis.com\/wp-content\/uploads\/2024\/06\/IMG_7947q6ujqe6ujqe6-scaled.jpg\" alt=\"\" width=\"2560\" height=\"1920\" srcset=\"https:\/\/www.cnelbalis.com\/wp-content\/uploads\/2024\/06\/IMG_7947q6ujqe6ujqe6-scaled.jpg 2560w, https:\/\/www.cnelbalis.com\/wp-content\/uploads\/2024\/06\/IMG_7947q6ujqe6ujqe6-300x225.jpg 300w, https:\/\/www.cnelbalis.com\/wp-content\/uploads\/2024\/06\/IMG_7947q6ujqe6ujqe6-1024x768.jpg 1024w, https:\/\/www.cnelbalis.com\/wp-content\/uploads\/2024\/06\/IMG_7947q6ujqe6ujqe6-768x576.jpg 768w, https:\/\/www.cnelbalis.com\/wp-content\/uploads\/2024\/06\/IMG_7947q6ujqe6ujqe6-1536x1152.jpg 1536w, https:\/\/www.cnelbalis.com\/wp-content\/uploads\/2024\/06\/IMG_7947q6ujqe6ujqe6-2048x1536.jpg 2048w\" sizes=\"auto, (max-width: 2560px) 100vw, 2560px\" \/><\/p>\n<p style=\"text-align: center;\"><em>Integrants de l&#8217;equip d&#8217;Optimist a Roses<\/em><\/p>\n<p>&nbsp;<\/p>\n<p>S&#8217;apropa el final de la temporada i amb ell anem encarant les regates mes importants. Despr\u00e9s del Campionat de Catalunya i l&#8217;\u00e8xit a la Copa d&#8217;Espanya, el nostre millor equip d&#8217;Optimist s&#8217;ha enfrontat aquest cap de setmana als millors equips de Catalunya.<\/p>\n<p>S\u00ed, parlem del Campionat de Catalunya d&#8217;Optimist per equips, que s&#8217;ha celebrat a les aig\u00fces del Golf de Roses aquest darrer cap de setmana 8 i 9 de juny.<\/p>\n<p>Despr\u00e9s de setmanes d&#8217;entrenament intens per aquest campionat, l&#8217;equip del Bal\u00eds representat per Juan Lleonart (capit\u00e0), Fede Blanco, Agn\u00e8s Hadzi, Clara Camps i Giulia Sandri, va tenir un rendiment excel\u00b7lent els dos dies de competici\u00f3. Vam guanyar totes les proves de la fase de grups i semifinals tot i que malauradament vam perdre les dues \u00faltimes regates de la final contra el Reial Club N\u00e0utic de Barcelona. Des d&#8217;aqu\u00ed donen l&#8217;enhorabona als campions.<\/p>\n<p>D&#8217;aquest campionat extraiem un gran creixement personal tant dels regatistes participants com de la resta d&#8217;equip que ha participat en els entrenaments, tant a nivell t\u00e8cnic com emocional i hum\u00e0, i ens fa voler encarar amb encara m\u00e9s motivaci\u00f3, disciplina i energia el campionat de la temporada que ve, que de ben segur haurem incrementat el rendiment.<\/p>\n<p>Ja nom\u00e9s ens queda agrair al club organitzador, el Grup d&#8217;Esports N\u00e0utics de Roses el gran campionat que han dut a terme tant a l&#8217;aigua com a terra, sempre ens sentim molt cuidats i gaudim de bones condicions de navegaci\u00f3.<\/p>\n<p>Ja tenim ganes de tornar!<\/p>\n","protected":false},"excerpt":{"rendered":"<p>Integrants de l&#8217;equip d&#8217;Optimist a Roses &nbsp; S&#8217;apropa el final de la temporada i amb ell anem encarant les regates mes importants. Despr\u00e9s del Campionat de Catalunya i l&#8217;\u00e8xit a la Copa d&#8217;Espanya, el nostre millor equip d&#8217;Optimist s&#8217;ha enfrontat aquest cap de setmana als millors equips de Catalunya. S\u00ed, parlem del Campionat de Catalunya [&hellip;]<\/p>\n","protected":false},"author":6,"featured_media":50661,"comment_status":"closed","ping_status":"closed","sticky":false,"template":"","format":"standard","meta":{"footnotes":""},"categories":[783,782,8,788],"tags":[],"class_list":["post-50660","post","type-post","status-publish","format-standard","has-post-thumbnail","hentry","category-escola","category-esport","category-noticies","category-vela-ca"],"acf":[],"_links":{"self":[{"href":"https:\/\/www.cnelbalis.com\/ca\/wp-json\/wp\/v2\/posts\/50660","targetHints":{"allow":["GET"]}}],"collection":[{"href":"https:\/\/www.cnelbalis.com\/ca\/wp-json\/wp\/v2\/posts"}],"about":[{"href":"https:\/\/www.cnelbalis.com\/ca\/wp-json\/wp\/v2\/types\/post"}],"author":[{"embeddable":true,"href":"https:\/\/www.cnelbalis.com\/ca\/wp-json\/wp\/v2\/users\/6"}],"replies":[{"embeddable":true,"href":"https:\/\/www.cnelbalis.com\/ca\/wp-json\/wp\/v2\/comments?post=50660"}],"version-history":[{"count":3,"href":"https:\/\/www.cnelbalis.com\/ca\/wp-json\/wp\/v2\/posts\/50660\/revisions"}],"predecessor-version":[{"id":50667,"href":"https:\/\/www.cnelbalis.com\/ca\/wp-json\/wp\/v2\/posts\/50660\/revisions\/50667"}],"wp:featuredmedia":[{"embeddable":true,"href":"https:\/\/www.cnelbalis.com\/ca\/wp-json\/wp\/v2\/media\/50661"}],"wp:attachment":[{"href":"https:\/\/www.cnelbalis.com\/ca\/wp-json\/wp\/v2\/media?parent=50660"}],"wp:term":[{"taxonomy":"category","embeddable":true,"href":"https:\/\/www.cnelbalis.com\/ca\/wp-json\/wp\/v2\/categories?post=50660"},{"taxonomy":"post_tag","embeddable":true,"href":"https:\/\/www.cnelbalis.com\/ca\/wp-json\/wp\/v2\/tags?post=50660"}],"curies":[{"name":"wp","href":"https:\/\/api.w.org\/{rel}","templated":true}]}}