{"id":50562,"date":"2024-06-13T10:48:02","date_gmt":"2024-06-13T08:48:02","guid":{"rendered":"https:\/\/www.cnelbalis.com\/?p=50562"},"modified":"2024-06-13T10:48:02","modified_gmt":"2024-06-13T08:48:02","slug":"el-port-balis-renova-el-seu-compromis-amb-la-bandera-blava","status":"publish","type":"post","link":"https:\/\/www.cnelbalis.com\/ca\/el-port-balis-renova-el-seu-compromis-amb-la-bandera-blava\/","title":{"rendered":"El Port Bal\u00eds, renova el seu comprom\u00eds amb la bandera blava"},"content":{"rendered":"<p><img loading=\"lazy\" decoding=\"async\" class=\"aligncenter size-full wp-image-50563\" src=\"https:\/\/www.cnelbalis.com\/wp-content\/uploads\/2024\/06\/53787046500_75d6c09b4e_ohtnm35ymr5m-scaled.jpg\" alt=\"\" width=\"2560\" height=\"1458\" srcset=\"https:\/\/www.cnelbalis.com\/wp-content\/uploads\/2024\/06\/53787046500_75d6c09b4e_ohtnm35ymr5m-scaled.jpg 2560w, https:\/\/www.cnelbalis.com\/wp-content\/uploads\/2024\/06\/53787046500_75d6c09b4e_ohtnm35ymr5m-300x171.jpg 300w, https:\/\/www.cnelbalis.com\/wp-content\/uploads\/2024\/06\/53787046500_75d6c09b4e_ohtnm35ymr5m-1024x583.jpg 1024w, https:\/\/www.cnelbalis.com\/wp-content\/uploads\/2024\/06\/53787046500_75d6c09b4e_ohtnm35ymr5m-768x438.jpg 768w, https:\/\/www.cnelbalis.com\/wp-content\/uploads\/2024\/06\/53787046500_75d6c09b4e_ohtnm35ymr5m-1536x875.jpg 1536w, https:\/\/www.cnelbalis.com\/wp-content\/uploads\/2024\/06\/53787046500_75d6c09b4e_ohtnm35ymr5m-2048x1167.jpg 2048w\" sizes=\"auto, (max-width: 2560px) 100vw, 2560px\" \/><\/p>\n<p>&nbsp;<\/p>\n<p>El Port Bal\u00eds rep un any m\u00e9s la distinci\u00f3 de la Bandera Blava 2024, guard\u00f3 que valora i premia la gesti\u00f3 ambiental i la seguretat, les instal\u00b7lacions i la prestaci\u00f3 \u00f2ptima dels serveis i la informaci\u00f3 i l\u2019educaci\u00f3 ambiental. Aix\u00ed mateix, exigeix als ports una excel\u00b7lent gesti\u00f3 ambiental.<\/p>\n<p>El guard\u00f3 va ser lliurat a un acte oficial celebrat al port de Calafell el 12 de juny.<\/p>\n<p>El distintiu Bandera Blava l\u2019atorga un tribunal internacional de la FEE (Fundaci\u00f3 d\u2019Educaci\u00f3 Ambiental), amb la col\u00b7laboraci\u00f3 de l\u2019Associaci\u00f3 d\u2019Educaci\u00f3 Ambiental i del Consumidor (Adeac), que gestiona la campanya a l\u2019Estat. Catalunya aquest any ha aconseguit 23 Banderes Blaves en ports esportius i se situa al capdavant d\u2019aquesta classificaci\u00f3 a l\u2019Estat.<\/p>\n<p>Amb aquesta iniciativa, el CN El Bal\u00eds posa de relleu l\u2019aposta per la sostenibilitat que, des de fa uns anys, ha incorporat a la gesti\u00f3 amb la finalitat de ser un Club responsable, eficient i sostenible.<\/p>\n","protected":false},"excerpt":{"rendered":"<p>&nbsp; El Port Bal\u00eds rep un any m\u00e9s la distinci\u00f3 de la Bandera Blava 2024, guard\u00f3 que valora i premia la gesti\u00f3 ambiental i la seguretat, les instal\u00b7lacions i la prestaci\u00f3 \u00f2ptima dels serveis i la informaci\u00f3 i l\u2019educaci\u00f3 ambiental. Aix\u00ed mateix, exigeix als ports una excel\u00b7lent gesti\u00f3 ambiental. El guard\u00f3 va ser lliurat a [&hellip;]<\/p>\n","protected":false},"author":6,"featured_media":50563,"comment_status":"closed","ping_status":"closed","sticky":false,"template":"","format":"standard","meta":{"footnotes":""},"categories":[8,2705],"tags":[],"class_list":["post-50562","post","type-post","status-publish","format-standard","has-post-thumbnail","hentry","category-noticies","category-rsc-2"],"acf":[],"_links":{"self":[{"href":"https:\/\/www.cnelbalis.com\/ca\/wp-json\/wp\/v2\/posts\/50562","targetHints":{"allow":["GET"]}}],"collection":[{"href":"https:\/\/www.cnelbalis.com\/ca\/wp-json\/wp\/v2\/posts"}],"about":[{"href":"https:\/\/www.cnelbalis.com\/ca\/wp-json\/wp\/v2\/types\/post"}],"author":[{"embeddable":true,"href":"https:\/\/www.cnelbalis.com\/ca\/wp-json\/wp\/v2\/users\/6"}],"replies":[{"embeddable":true,"href":"https:\/\/www.cnelbalis.com\/ca\/wp-json\/wp\/v2\/comments?post=50562"}],"version-history":[{"count":3,"href":"https:\/\/www.cnelbalis.com\/ca\/wp-json\/wp\/v2\/posts\/50562\/revisions"}],"predecessor-version":[{"id":50569,"href":"https:\/\/www.cnelbalis.com\/ca\/wp-json\/wp\/v2\/posts\/50562\/revisions\/50569"}],"wp:featuredmedia":[{"embeddable":true,"href":"https:\/\/www.cnelbalis.com\/ca\/wp-json\/wp\/v2\/media\/50563"}],"wp:attachment":[{"href":"https:\/\/www.cnelbalis.com\/ca\/wp-json\/wp\/v2\/media?parent=50562"}],"wp:term":[{"taxonomy":"category","embeddable":true,"href":"https:\/\/www.cnelbalis.com\/ca\/wp-json\/wp\/v2\/categories?post=50562"},{"taxonomy":"post_tag","embeddable":true,"href":"https:\/\/www.cnelbalis.com\/ca\/wp-json\/wp\/v2\/tags?post=50562"}],"curies":[{"name":"wp","href":"https:\/\/api.w.org\/{rel}","templated":true}]}}