{"id":50516,"date":"2024-06-10T12:17:25","date_gmt":"2024-06-10T10:17:25","guid":{"rendered":"https:\/\/www.cnelbalis.com\/?p=50516"},"modified":"2024-06-10T12:17:25","modified_gmt":"2024-06-10T10:17:25","slug":"cometa-guanyador-absolut-i-en-a2-de-la-ruta-de-la-tramuntana","status":"publish","type":"post","link":"https:\/\/www.cnelbalis.com\/ca\/cometa-guanyador-absolut-i-en-a2-de-la-ruta-de-la-tramuntana\/","title":{"rendered":"COMETA GUANYADOR ABSOLUT I EN A2 DE LA RUTA DE LA TRAMUNTANA"},"content":{"rendered":"<p><img loading=\"lazy\" decoding=\"async\" class=\"size-full wp-image-50505\" src=\"https:\/\/www.cnelbalis.com\/wp-content\/uploads\/2024\/06\/Primera-prueba-delante-del-CN-El-Balis.jpg\" alt=\"\" width=\"2048\" height=\"1365\" srcset=\"https:\/\/www.cnelbalis.com\/wp-content\/uploads\/2024\/06\/Primera-prueba-delante-del-CN-El-Balis.jpg 2048w, https:\/\/www.cnelbalis.com\/wp-content\/uploads\/2024\/06\/Primera-prueba-delante-del-CN-El-Balis-300x200.jpg 300w, https:\/\/www.cnelbalis.com\/wp-content\/uploads\/2024\/06\/Primera-prueba-delante-del-CN-El-Balis-1024x683.jpg 1024w, https:\/\/www.cnelbalis.com\/wp-content\/uploads\/2024\/06\/Primera-prueba-delante-del-CN-El-Balis-768x512.jpg 768w, https:\/\/www.cnelbalis.com\/wp-content\/uploads\/2024\/06\/Primera-prueba-delante-del-CN-El-Balis-1536x1024.jpg 1536w, https:\/\/www.cnelbalis.com\/wp-content\/uploads\/2024\/06\/Primera-prueba-delante-del-CN-El-Balis-1500x1000.jpg 1500w\" sizes=\"auto, (max-width: 2048px) 100vw, 2048px\" \/><\/p>\n<p>El Cometa, X35 de Llu\u00eds Blanchar del Club N\u00e0utic El Bal\u00eds, ha aconseguit la vict\u00f2ria absoluta en la XXXI edici\u00f3 de La Ruta de la Tramuntana celebrada el 7 i 8 de juny en aig\u00fces de la Costa Brava, al\u00e7ant-se aix\u00ed mateix amb la vict\u00f2ria en la categoria A2. Per la seva part el M\u00e0gica, X-41 de Marco Corno del Club N\u00e0utic Masnou, ha aconseguit la vict\u00f2ria en categoria de Tripulaci\u00f3 completa.<\/p>\n<p><strong>PROVA 1 \u2013 EL BAL\u00cdS-PALAM\u00d3S<\/strong><\/p>\n<p>En la reuni\u00f3 de patrons pr\u00e8via a la sortida de la primera prova, que va comptar amb la pres\u00e8ncia de Francisco Ripoll, President del Club N\u00e0utic El Bal\u00eds, el Comit\u00e8 de Regata va anunciar la decisi\u00f3 de retallar el recorregut per motius meteorol\u00f2gics. Amb l&#8217;\u00e0mplia zona d&#8217;encalmades enfront del cap Begur que indicaven els comunicats per a bona part de la nit, es va prendre la decisi\u00f3 de situar la l\u00ednia d&#8217;arribada enfront de Palam\u00f3s, reduint aix\u00ed el recorregut de les 54 milles inicialment previstes a un total de 32,6 milles. Una vegada travessada la l\u00ednia d&#8217;arribada a Palam\u00f3s, els vaixells podrien arribar a motor fins a L&#8217;Escala, dest\u00ed habitual de la regata i des d&#8217;on el mat\u00ed del dissabte 8 partia la 2a prova de La Ruta de la Tramuntana.<\/p>\n<p>La sortida de la primera prova enfront del Club N\u00e0utic El Bal\u00eds es va donar puntualment per a les 34 embarcacions inscrites a les 15:30h del divendres 7 de juny amb vent de llevant d&#8217;uns 7 nusos d&#8217;intensitat. El vent de proa en gaireb\u00e9 la totalitat del recorregut va suposar un repte t\u00e0ctic en el qual els equips havien de triar entre el bordo de terra o el bordo de mar, considerant en tot moment que havien de posicionar-se tan b\u00e9 com sigui possible abans que caigu\u00e9s el vent amb la posta del sol.<\/p>\n<p>A les 23.50 hores el Smerit, Swan 45 de Tito Moure del Club N\u00e0utic de Blanes, era el primer a travessar la l\u00ednia d&#8217;arribada enfront de Palam\u00f3s, fent-se mereixedor del Trofeu del Club N\u00e0utic El Bal\u00eds al guanyador en temps real de la primera prova. Les seves \u00faltimes milles ja es van veure marcades per l&#8217;entrada de les encalmades, que van afectar la resta dels vaixells en regata i que van provocar que l&#8217;\u00faltim vaixell a travessar la l\u00ednia ho fes a les 7.48 del mat\u00ed. L&#8217;esdevenir de la prova va confirmar l&#8217;encert de la decisi\u00f3 del comit\u00e8, ja que la reducci\u00f3 del recorregut va permetre que tots els vaixells poguessin finalitzar la prova dins del temps l\u00edmit establert malgrat l&#8217;encalmada a la qual van haver d&#8217;enfrontar-se en l&#8217;\u00faltim tram de la prova. Una vegada aplicada la correcci\u00f3 de temps, el Cometa de Llu\u00eds Blanchar obtenia la vict\u00f2ria en la general de la primera etapa, seguit del Smerit i del M\u00e0gica.<\/p>\n<p><strong>PROVA 2 \u2013 L&#8217;ESCALA \u2013 ILLES MEDES &#8211; L&#8217;ESCALA<\/strong><\/p>\n<p>A les 14.00 hores del dissabte 8 de juny es donava la sortida de la segona prova, amb un recorregut, L&#8217;Escala \u2013 Illes Medes \u2013 L&#8217;Escala, de 12,8 milles n\u00e0utiques. Amb vent del nord-est que va anar augmentant de 5 a 9 nusos al llarg de la prova, es va establir una boia de desmarcatge per a posar posteriorment rumb a les Illes Medes i virar la seva boia NE de marcaci\u00f3. El M\u00e0gica, de Marco Corno, va passar ja primer el desmarcatge i es va mantenir al capdavant en tot moment fins a travessar la l\u00ednia d&#8217;arribada, aconseguint aix\u00ed el Trofeu Club N\u00e0utic L&#8217;Escala al vencedor en temps real de la prova. Despr\u00e9s de l&#8217;aplicaci\u00f3 dels temps compensats el Cometa, de Llu\u00eds Blanchar, tornava a fer-se amb la vict\u00f2ria en la segona prova, seguit del M\u00e0gica i del Xpress , XP-38 de Joel Brossa, del Club N\u00e0utic d\u2019Arenys de Mar.<\/p>\n<p><strong>RESULTATS COMBINATS<\/strong><\/p>\n<p>Finalitzades amb \u00e8xit les dues proves programades, el Comit\u00e8 de Regates elaborava la classificaci\u00f3 combinada que venia a determinar els resultats finals de la XXXI edici\u00f3 de La Ruta de la Tramuntana. Amb les vict\u00f2ries en totes dues proves el Cometa, X-35 de Llu\u00eds Blanchar del Club N\u00e0utic El Bal\u00eds, s&#8217;erigia com a clar vencedor absolut, aconseguint al mateix temps la vict\u00f2ria en la categoria A2. Per part seva, el M\u00e0gica, X-41 de Marco Corno del Club N\u00e0utic Masnou, amb un tercer lloc en la prova del divendres i un segon en la del dissabte, obtenia la segona pla\u00e7a en la general absoluta, aix\u00ed com la vict\u00f2ria en la categoria Tripulaci\u00f3 Completa. El Xpress, XP-38 de Joel Brosa del Club N\u00e0utic Arenys de Mar, amb un cinqu\u00e8 en la primera prova i un tercer en la segona completava el podi de la general absoluta.<\/p>\n<p>L&#8217;Oreig, A-35 de Mart\u00ed Gelabert del Club N\u00e0utic Port d\u2019Aro, i el Triplex II, Dufour 334 de Jordi Capel del Club de Vela Golfus, acompanyaven al M\u00e0gica en el podi de la categoria Tripulaci\u00f3 Completa. Mentre que el Diabolic, Sun Fast 35 de Glen de Brouwer del Royal Belgium Sailing Club, acompanyava al Cometa i al Xpress en el podi de la categoria A2. La vict\u00f2ria en la categoria Promoci\u00f3 va ser per al Empenta, First 40.7 de Javier Rodriguez, mentre que en categoria Training va v\u00e8ncer el Aral, Dehler 34 de Ferran Teva del Club N\u00e0utic El Bal\u00eds, qui tamb\u00e9 es va fer amb el Trofeu RAECY com a Capit\u00e0 de Iot millor classificat.<\/p>\n<p>A les 20 hores es va celebrar la cerim\u00f2nia de lliurament de trofeus que va comptar amb la pres\u00e8ncia de Claudia Decruz, tinenta alcalde de l\u2019Ajuntament de l&#8217;Escala, de Gerard Mar\u00edn, comodor del Club N\u00e1utic L&#8217;Escala, i d&#8217;Andr\u00e9s Oliva, director de Enregata, entitat responsable de la prova. La regata, co-organitzada amb el Club N\u00e0utic Skipper, el Club N\u00e0utic El Bal\u00eds i el Club N\u00e1utic L&#8217;Escala, compta amb el patrocini del Patronat de Turisme Costa Brava Girona, de Repsol i de Ausmar, i en ella tamb\u00e9 col\u00b7laboren la Federaci\u00f3 Catalana de Vela, la Real Assemblea Espanyola de Capitans de Iot, la revista Skipper i Nautivela. L&#8217;esdeveniment es va clausurar amb la tradicional degustaci\u00f3 d&#8217;anxoves de L&#8217;Escala i la fideu\u00e0 per a totes les tripulacions.<\/p>\n<p>&nbsp;<\/p>\n<p><strong>PODIUMS<\/strong><\/p>\n<p>General absoluta XXXI edici\u00f3 La Ruta de la Tramuntana<\/p>\n<ol>\n<li>Cometa, X-35 de Llu\u00eds Blanchar, Club N\u00e0utic EL Bal\u00eds<\/li>\n<li>M\u00e0gica, x-41 de Marco Corno, Club N\u00e0utic Masnou<\/li>\n<li>Xpress, XP-38 de Joel Brosa, Club N\u00e0utic Arenys de Mar<\/li>\n<\/ol>\n<p>Categoria Tripulaci\u00f3 Completa<\/p>\n<ol>\n<li>M\u00e0gica, x-41 de Marco Corno, Club N\u00e0utic Masnou<\/li>\n<li>L\u2019Oreig, A-35 de Mart\u00ed Gelabert, Club N\u00e1utic de Port d\u2019C\u00e8rcol<\/li>\n<li>Triplex II, Dufour 334 de Jordi Capel, Club Vela Golfus<\/li>\n<\/ol>\n<p>Categoria A2<\/p>\n<ol>\n<li>Cometa, X-35 de Llu\u00eds Blanchar, Club N\u00e0utic EL Bal\u00eds<\/li>\n<li>Diabolic, Sun Fast 35 de Glen de Brouwer, Royal Belgium Sailing Club<\/li>\n<li>Xpress, XP-38 de Joel Brosa, Club N\u00e0utic Arenys de Mar<\/li>\n<\/ol>\n<p>Categoria Promoci\u00f3<\/p>\n<ol>\n<li>Empenta, First 40.7 de Fco. Javier Rodr\u00edguez<\/li>\n<\/ol>\n<p>Categor\u00eda Training<\/p>\n<ol>\n<li>Aral, Dehler 34 de Ferran Teva, Club N\u00e0utic El Bal\u00eds<\/li>\n<\/ol>\n<p>Trofeu RAECY: Ferran Teva del Aral.<\/p>\n<p>&nbsp;<\/p>\n<p><strong>ENLLA\u00c7OS<\/strong><\/p>\n<p>Fotos: https:\/\/www.flickr.com\/photos\/circuitoanam\/albums\/72177720317692210<\/p>\n<p>Classificacions: https:\/\/www.larutadelatramuntana.com\/resultados<\/p>\n<p>&nbsp;<\/p>\n","protected":false},"excerpt":{"rendered":"<p>El Cometa, X35 de Llu\u00eds Blanchar del Club N\u00e0utic El Bal\u00eds, ha aconseguit la vict\u00f2ria absoluta en la XXXI edici\u00f3 de La Ruta de la Tramuntana celebrada el 7 i 8 de juny en aig\u00fces de la Costa Brava, al\u00e7ant-se aix\u00ed mateix amb la vict\u00f2ria en la categoria A2. Per la seva part el M\u00e0gica, [&hellip;]<\/p>\n","protected":false},"author":6,"featured_media":50509,"comment_status":"closed","ping_status":"closed","sticky":false,"template":"","format":"standard","meta":{"footnotes":""},"categories":[782,8,788],"tags":[],"class_list":["post-50516","post","type-post","status-publish","format-standard","has-post-thumbnail","hentry","category-esport","category-noticies","category-vela-ca"],"acf":[],"_links":{"self":[{"href":"https:\/\/www.cnelbalis.com\/ca\/wp-json\/wp\/v2\/posts\/50516","targetHints":{"allow":["GET"]}}],"collection":[{"href":"https:\/\/www.cnelbalis.com\/ca\/wp-json\/wp\/v2\/posts"}],"about":[{"href":"https:\/\/www.cnelbalis.com\/ca\/wp-json\/wp\/v2\/types\/post"}],"author":[{"embeddable":true,"href":"https:\/\/www.cnelbalis.com\/ca\/wp-json\/wp\/v2\/users\/6"}],"replies":[{"embeddable":true,"href":"https:\/\/www.cnelbalis.com\/ca\/wp-json\/wp\/v2\/comments?post=50516"}],"version-history":[{"count":2,"href":"https:\/\/www.cnelbalis.com\/ca\/wp-json\/wp\/v2\/posts\/50516\/revisions"}],"predecessor-version":[{"id":50518,"href":"https:\/\/www.cnelbalis.com\/ca\/wp-json\/wp\/v2\/posts\/50516\/revisions\/50518"}],"wp:featuredmedia":[{"embeddable":true,"href":"https:\/\/www.cnelbalis.com\/ca\/wp-json\/wp\/v2\/media\/50509"}],"wp:attachment":[{"href":"https:\/\/www.cnelbalis.com\/ca\/wp-json\/wp\/v2\/media?parent=50516"}],"wp:term":[{"taxonomy":"category","embeddable":true,"href":"https:\/\/www.cnelbalis.com\/ca\/wp-json\/wp\/v2\/categories?post=50516"},{"taxonomy":"post_tag","embeddable":true,"href":"https:\/\/www.cnelbalis.com\/ca\/wp-json\/wp\/v2\/tags?post=50516"}],"curies":[{"name":"wp","href":"https:\/\/api.w.org\/{rel}","templated":true}]}}