{"id":50408,"date":"2024-06-04T17:45:17","date_gmt":"2024-06-04T15:45:17","guid":{"rendered":"https:\/\/www.cnelbalis.com\/?p=50408"},"modified":"2024-06-04T17:45:17","modified_gmt":"2024-06-04T15:45:17","slug":"33-embarcacions-llestes-per-iniciar-la-ruta-de-la-tramuntana","status":"publish","type":"post","link":"https:\/\/www.cnelbalis.com\/ca\/33-embarcacions-llestes-per-iniciar-la-ruta-de-la-tramuntana\/","title":{"rendered":"33 embarcacions llestes per iniciar La Ruta de la Tramuntana"},"content":{"rendered":"<p><img loading=\"lazy\" decoding=\"async\" class=\"aligncenter size-full wp-image-50401\" src=\"https:\/\/www.cnelbalis.com\/wp-content\/uploads\/2024\/06\/@Torveo-La-Ruta-de-la-Tramuntana-2.jpg\" alt=\"\" width=\"2048\" height=\"1365\" srcset=\"https:\/\/www.cnelbalis.com\/wp-content\/uploads\/2024\/06\/@Torveo-La-Ruta-de-la-Tramuntana-2.jpg 2048w, https:\/\/www.cnelbalis.com\/wp-content\/uploads\/2024\/06\/@Torveo-La-Ruta-de-la-Tramuntana-2-300x200.jpg 300w, https:\/\/www.cnelbalis.com\/wp-content\/uploads\/2024\/06\/@Torveo-La-Ruta-de-la-Tramuntana-2-1024x683.jpg 1024w, https:\/\/www.cnelbalis.com\/wp-content\/uploads\/2024\/06\/@Torveo-La-Ruta-de-la-Tramuntana-2-768x512.jpg 768w, https:\/\/www.cnelbalis.com\/wp-content\/uploads\/2024\/06\/@Torveo-La-Ruta-de-la-Tramuntana-2-1536x1024.jpg 1536w, https:\/\/www.cnelbalis.com\/wp-content\/uploads\/2024\/06\/@Torveo-La-Ruta-de-la-Tramuntana-2-1500x1000.jpg 1500w\" sizes=\"auto, (max-width: 2048px) 100vw, 2048px\" \/><\/p>\n<p>&nbsp;<\/p>\n<p>Divendres que ve <strong>7 de juny<\/strong> iniciar\u00e0 des del Club N\u00e0utic El Bal\u00eds la <strong>XXXI\u00a0edici\u00f3 de La Ruta de la Tramuntana<\/strong>, en la primera de les dues proves de la regata que t\u00e9 com a dest\u00ed el Club N\u00e0utic L&#8217;Escala. A aquesta primera prova de 55 milles n\u00e0utiques se li suma una segona, que es celebra el dissabte 8 de juny, amb un recorregut L&#8217;Escala-Illes Medes-L&#8217;Escala, de 13 milles n\u00e0utiques, perqu\u00e8 tots els participants puguin gaudir al m\u00e0xim de la navegaci\u00f3 enfront de l&#8217;atractiva Costa Brava.<\/p>\n<p>&nbsp;<\/p>\n<p><strong>Prop de 150 tripulants a bord de trenta-tres vaixells<\/strong> s&#8217;han inscrit per prendre la sortida: 10 equips en tripulaci\u00f3 redu\u00efda, es tracta de vaixells amb un o dos tripulants, i 23 equips en categoria de tripulaci\u00f3 completa. La primera de les dues proves \u00e9s puntuable per al Campionat de Catalunya d&#8217;Altura, Solitaris i A2, mentre que els resultats combinats de totes dues proves puntuen per al Circuit de Regates d&#8217;Altura i serviran per a determinar el guanyador absolut de la XXXI edici\u00f3 de La Ruta de la Tramuntana.<\/p>\n<p>&nbsp;<\/p>\n<p>La regata, co-organitzada per Club N\u00e0utic El Bal\u00eds i el Club N\u00e0utic L&#8217;Escala, est\u00e0 patrocinada pel Patronat de Turisme Costa Brava, i per les marques Repsol i Ausmar, i en la seva organitzaci\u00f3 tamb\u00e9 col\u00b7laboren la Federaci\u00f3 Catalana de Vela, la Real Assemblea Espanyola de Capitans de Iot, la Associaci\u00f3 Catalana de Ports Esportius i Tur\u00edstics, Ports de la Generalitat, la revista Skipper i Nautivela.<\/p>\n","protected":false},"excerpt":{"rendered":"<p>&nbsp; Divendres que ve 7 de juny iniciar\u00e0 des del Club N\u00e0utic El Bal\u00eds la XXXI\u00a0edici\u00f3 de La Ruta de la Tramuntana, en la primera de les dues proves de la regata que t\u00e9 com a dest\u00ed el Club N\u00e0utic L&#8217;Escala. A aquesta primera prova de 55 milles n\u00e0utiques se li suma una segona, que [&hellip;]<\/p>\n","protected":false},"author":6,"featured_media":50401,"comment_status":"closed","ping_status":"closed","sticky":false,"template":"","format":"standard","meta":{"footnotes":""},"categories":[782,8,788],"tags":[],"class_list":["post-50408","post","type-post","status-publish","format-standard","has-post-thumbnail","hentry","category-esport","category-noticies","category-vela-ca"],"acf":[],"_links":{"self":[{"href":"https:\/\/www.cnelbalis.com\/ca\/wp-json\/wp\/v2\/posts\/50408","targetHints":{"allow":["GET"]}}],"collection":[{"href":"https:\/\/www.cnelbalis.com\/ca\/wp-json\/wp\/v2\/posts"}],"about":[{"href":"https:\/\/www.cnelbalis.com\/ca\/wp-json\/wp\/v2\/types\/post"}],"author":[{"embeddable":true,"href":"https:\/\/www.cnelbalis.com\/ca\/wp-json\/wp\/v2\/users\/6"}],"replies":[{"embeddable":true,"href":"https:\/\/www.cnelbalis.com\/ca\/wp-json\/wp\/v2\/comments?post=50408"}],"version-history":[{"count":2,"href":"https:\/\/www.cnelbalis.com\/ca\/wp-json\/wp\/v2\/posts\/50408\/revisions"}],"predecessor-version":[{"id":50410,"href":"https:\/\/www.cnelbalis.com\/ca\/wp-json\/wp\/v2\/posts\/50408\/revisions\/50410"}],"wp:featuredmedia":[{"embeddable":true,"href":"https:\/\/www.cnelbalis.com\/ca\/wp-json\/wp\/v2\/media\/50401"}],"wp:attachment":[{"href":"https:\/\/www.cnelbalis.com\/ca\/wp-json\/wp\/v2\/media?parent=50408"}],"wp:term":[{"taxonomy":"category","embeddable":true,"href":"https:\/\/www.cnelbalis.com\/ca\/wp-json\/wp\/v2\/categories?post=50408"},{"taxonomy":"post_tag","embeddable":true,"href":"https:\/\/www.cnelbalis.com\/ca\/wp-json\/wp\/v2\/tags?post=50408"}],"curies":[{"name":"wp","href":"https:\/\/api.w.org\/{rel}","templated":true}]}}