{"id":50174,"date":"2024-05-23T13:36:41","date_gmt":"2024-05-23T11:36:41","guid":{"rendered":"https:\/\/www.cnelbalis.com\/?p=50174"},"modified":"2024-05-30T10:40:00","modified_gmt":"2024-05-30T08:40:00","slug":"expo-americas-cup-a-la-fira-port-balis-marinaday-2024","status":"publish","type":"post","link":"https:\/\/www.cnelbalis.com\/ca\/expo-americas-cup-a-la-fira-port-balis-marinaday-2024\/","title":{"rendered":"Expo America&#8217;s Cup a la Fira Port Bal\u00eds MarinaDay 2024"},"content":{"rendered":"<p><img loading=\"lazy\" decoding=\"async\" class=\"aligncenter wp-image-50175 \" src=\"https:\/\/www.cnelbalis.com\/wp-content\/uploads\/2024\/05\/Recurso-356789-e1716462931189.png\" alt=\"\" width=\"918\" height=\"504\" srcset=\"https:\/\/www.cnelbalis.com\/wp-content\/uploads\/2024\/05\/Recurso-356789-e1716462931189.png 843w, https:\/\/www.cnelbalis.com\/wp-content\/uploads\/2024\/05\/Recurso-356789-e1716462931189-300x165.png 300w, https:\/\/www.cnelbalis.com\/wp-content\/uploads\/2024\/05\/Recurso-356789-e1716462931189-768x422.png 768w\" sizes=\"auto, (max-width: 918px) 100vw, 918px\" \/><\/p>\n<div><\/div>\n<div>Els pr\u00f2xims <strong>7, 8 i 9 de juny<\/strong>, no et perdis l&#8217;exposici\u00f3 <strong><em>&#8220;America&#8217;s Cup: Parlem del Mar per parlar de nosaltres&#8221;<\/em><\/strong> a la <strong>Fira Port Bal\u00eds MarinaDay 2024<\/strong>, impulsada per la <strong>Fundaci\u00f3 Barcelona Capital N\u00e0utica <\/strong>com a part dels Projectes de llegat en el marc de la <strong>37a Copa Am\u00e8rica<\/strong>.<\/div>\n<div>Aquesta exposici\u00f3 pret\u00e9n demostrar que el vincle que tenim amb el mar \u00e9s molt m\u00e9s profund del que ens pensem. La mostra, que forma part dels projectes de llegat de la Fundaci\u00f3, s\u2019organitza en quatre \u00e0mbits narratius i vol <strong>explicar la hist\u00f2ria de la n\u00e0utica, la cultura del mar, l\u2019economia blava i el llegat blau de Catalunya<\/strong> des de l\u2019acci\u00f3, l\u2019experimentaci\u00f3, la informaci\u00f3 i l\u2019aprenentatge.A m\u00e9s, la mostra tamb\u00e9 inclou una <strong>experi\u00e8ncia immersiva de realitat virtual<\/strong> vinculada a la Copa Am\u00e8rica per explicar els seus valors a partir d\u2019hist\u00f2ries properes a la costa catalana.<\/p>\n<\/div>\n<div><strong>Horari:<\/strong><\/div>\n<ul>\n<li>Divendres 7\u00a0 de 15:00-20:00h<\/li>\n<li>Dissabte 8 de 08:00-20:00h, amb personal dinamitzador de 16:00-20:00h<\/li>\n<li>Diumenge 9 de 08:00-20:00h, amb personal dinamitzador de 11:00-20:00h<\/li>\n<\/ul>\n<div><\/div>\n<div>Aquesta exposici\u00f3 entra dintre de la Fira Port Bal\u00eds MarinaDay i l&#8217;entrada es lliure per tots els assistents.<\/div>\n<div><\/div>\n<div>Podeu trobar m\u00e9s informaci\u00f3 de l&#8217;exposici\u00f3 a: <a href=\"https:\/\/www.barcelonacapitalnautica.org\/es\/exposicion\/\">Exposici\u00f3n &#8211; Barcelona Capital N\u00e0utica (barcelonacapitalnautica.org)<\/a><\/div>\n<div><\/div>\n<div><\/div>\n<div><img loading=\"lazy\" decoding=\"async\" class=\"aligncenter size-full wp-image-50190\" src=\"https:\/\/www.cnelbalis.com\/wp-content\/uploads\/2024\/05\/Captura-de-pantalla-2023-08-24-a-las-13.11.17.png\" alt=\"\" width=\"702\" height=\"182\" srcset=\"https:\/\/www.cnelbalis.com\/wp-content\/uploads\/2024\/05\/Captura-de-pantalla-2023-08-24-a-las-13.11.17.png 702w, https:\/\/www.cnelbalis.com\/wp-content\/uploads\/2024\/05\/Captura-de-pantalla-2023-08-24-a-las-13.11.17-300x78.png 300w, https:\/\/www.cnelbalis.com\/wp-content\/uploads\/2024\/05\/Captura-de-pantalla-2023-08-24-a-las-13.11.17-700x182.png 700w\" sizes=\"auto, (max-width: 702px) 100vw, 702px\" \/><\/div>\n","protected":false},"excerpt":{"rendered":"<p>Els pr\u00f2xims 7, 8 i 9 de juny, no et perdis l&#8217;exposici\u00f3 &#8220;America&#8217;s Cup: Parlem del Mar per parlar de nosaltres&#8221; a la Fira Port Bal\u00eds MarinaDay 2024, impulsada per la Fundaci\u00f3 Barcelona Capital N\u00e0utica com a part dels Projectes de llegat en el marc de la 37a Copa Am\u00e8rica. Aquesta exposici\u00f3 pret\u00e9n demostrar que [&hellip;]<\/p>\n","protected":false},"author":6,"featured_media":50182,"comment_status":"closed","ping_status":"closed","sticky":false,"template":"","format":"standard","meta":{"footnotes":""},"categories":[8],"tags":[],"class_list":["post-50174","post","type-post","status-publish","format-standard","has-post-thumbnail","hentry","category-noticies"],"acf":[],"_links":{"self":[{"href":"https:\/\/www.cnelbalis.com\/ca\/wp-json\/wp\/v2\/posts\/50174","targetHints":{"allow":["GET"]}}],"collection":[{"href":"https:\/\/www.cnelbalis.com\/ca\/wp-json\/wp\/v2\/posts"}],"about":[{"href":"https:\/\/www.cnelbalis.com\/ca\/wp-json\/wp\/v2\/types\/post"}],"author":[{"embeddable":true,"href":"https:\/\/www.cnelbalis.com\/ca\/wp-json\/wp\/v2\/users\/6"}],"replies":[{"embeddable":true,"href":"https:\/\/www.cnelbalis.com\/ca\/wp-json\/wp\/v2\/comments?post=50174"}],"version-history":[{"count":5,"href":"https:\/\/www.cnelbalis.com\/ca\/wp-json\/wp\/v2\/posts\/50174\/revisions"}],"predecessor-version":[{"id":50300,"href":"https:\/\/www.cnelbalis.com\/ca\/wp-json\/wp\/v2\/posts\/50174\/revisions\/50300"}],"wp:featuredmedia":[{"embeddable":true,"href":"https:\/\/www.cnelbalis.com\/ca\/wp-json\/wp\/v2\/media\/50182"}],"wp:attachment":[{"href":"https:\/\/www.cnelbalis.com\/ca\/wp-json\/wp\/v2\/media?parent=50174"}],"wp:term":[{"taxonomy":"category","embeddable":true,"href":"https:\/\/www.cnelbalis.com\/ca\/wp-json\/wp\/v2\/categories?post=50174"},{"taxonomy":"post_tag","embeddable":true,"href":"https:\/\/www.cnelbalis.com\/ca\/wp-json\/wp\/v2\/tags?post=50174"}],"curies":[{"name":"wp","href":"https:\/\/api.w.org\/{rel}","templated":true}]}}