{"id":49733,"date":"2024-04-25T13:51:45","date_gmt":"2024-04-25T11:51:45","guid":{"rendered":"https:\/\/www.cnelbalis.com\/?p=49733"},"modified":"2024-04-25T13:57:15","modified_gmt":"2024-04-25T11:57:15","slug":"exit-de-participacio-a-lassemblea-general-ordinaria","status":"publish","type":"post","link":"https:\/\/www.cnelbalis.com\/ca\/exit-de-participacio-a-lassemblea-general-ordinaria\/","title":{"rendered":"EXIT DE PARTICIPACIO A L&#8217;ASSEMBLEA GENERAL ORDINARIA"},"content":{"rendered":"<p><img loading=\"lazy\" decoding=\"async\" class=\"aligncenter size-full wp-image-49724\" src=\"https:\/\/www.cnelbalis.com\/wp-content\/uploads\/2024\/04\/assemblea-2024-5.jpg\" alt=\"\" width=\"995\" height=\"664\" srcset=\"https:\/\/www.cnelbalis.com\/wp-content\/uploads\/2024\/04\/assemblea-2024-5.jpg 995w, https:\/\/www.cnelbalis.com\/wp-content\/uploads\/2024\/04\/assemblea-2024-5-300x200.jpg 300w, https:\/\/www.cnelbalis.com\/wp-content\/uploads\/2024\/04\/assemblea-2024-5-768x513.jpg 768w\" sizes=\"auto, (max-width: 995px) 100vw, 995px\" \/><\/p>\n<p>El passat dissabte, 20 d\u2019abril, es va celebrar l\u2019<strong>assemblea ordin\u00e0ria del Club<\/strong>\u00a0amb la participaci\u00f3 de forma presencial o representada de\u00a0<strong>m\u00e9s de 100 socis i s\u00f2cies<\/strong>.<\/p>\n<p>Es va presentar l&#8217;Informe de Gesti\u00f3 del 2023 i els Projectes pel 2024.\u00a0Els Comptes del 2023 i el Pressupost del 2024 van ser<strong>\u00a0aprovats per m\u00e9s del 98% dels vots<\/strong>, sense cap vot negatiu.<\/p>\n<p>A destacar que ja est\u00e0 <strong>completat al 99% el pla de \u201cactuacions\u201d<\/strong> al qual ens obligava l&#8217;autoritzaci\u00f3 de gesti\u00f3 en vigor i que seguim amb una <strong>fortalesa financera<\/strong> que ens permetr\u00e0 afrontar millor el futur concurs, tot aix\u00f2 amb <strong>millores en ocupaci\u00f3<\/strong> d&#8217;amarraments, <strong>palmar\u00e8s esportiu<\/strong>,<strong> activitat social<\/strong> i amb una n<strong>ova campanya de comunicaci\u00f3<\/strong>.<\/p>\n<p>Anteriorment, es van aprovar, tamb\u00e9 per unanimitat, els condicionants per ser<strong> socis\/es d\u2019honor<\/strong> pels esportistes que encara no ho eren i ho complien: Pol Mateu, Alejandro de Maqua, Lluis Blanchar, Sara L\u00f3pez, B\u00e0rbara Cornudella, David i Alex Charles i Carlos Robles. Tots ells\/es son campions\/es del m\u00f3n o han participat a Olimp\u00edades o han obtingues resultats extraordinaris de forma sostinguda per temporades.<\/p>\n<p><img loading=\"lazy\" decoding=\"async\" class=\"aligncenter size-full wp-image-49728\" src=\"https:\/\/www.cnelbalis.com\/wp-content\/uploads\/2024\/04\/assemblea-2024-8.jpg\" alt=\"\" width=\"995\" height=\"664\" srcset=\"https:\/\/www.cnelbalis.com\/wp-content\/uploads\/2024\/04\/assemblea-2024-8.jpg 995w, https:\/\/www.cnelbalis.com\/wp-content\/uploads\/2024\/04\/assemblea-2024-8-300x200.jpg 300w, https:\/\/www.cnelbalis.com\/wp-content\/uploads\/2024\/04\/assemblea-2024-8-768x513.jpg 768w\" sizes=\"auto, (max-width: 995px) 100vw, 995px\" \/><br \/>\nAgra\u00efm a tots els socis i s\u00f2cies l\u2019esfor\u00e7 per la important participaci\u00f3.<\/p>\n<p>Felicitats a tot el Club N\u00e0utic El Bal\u00eds<\/p>\n","protected":false},"excerpt":{"rendered":"<p>El passat dissabte, 20 d\u2019abril, es va celebrar l\u2019assemblea ordin\u00e0ria del Club\u00a0amb la participaci\u00f3 de forma presencial o representada de\u00a0m\u00e9s de 100 socis i s\u00f2cies. Es va presentar l&#8217;Informe de Gesti\u00f3 del 2023 i els Projectes pel 2024.\u00a0Els Comptes del 2023 i el Pressupost del 2024 van ser\u00a0aprovats per m\u00e9s del 98% dels vots, sense [&hellip;]<\/p>\n","protected":false},"author":6,"featured_media":49724,"comment_status":"closed","ping_status":"closed","sticky":false,"template":"","format":"standard","meta":{"footnotes":""},"categories":[8],"tags":[],"class_list":["post-49733","post","type-post","status-publish","format-standard","has-post-thumbnail","hentry","category-noticies"],"acf":[],"_links":{"self":[{"href":"https:\/\/www.cnelbalis.com\/ca\/wp-json\/wp\/v2\/posts\/49733","targetHints":{"allow":["GET"]}}],"collection":[{"href":"https:\/\/www.cnelbalis.com\/ca\/wp-json\/wp\/v2\/posts"}],"about":[{"href":"https:\/\/www.cnelbalis.com\/ca\/wp-json\/wp\/v2\/types\/post"}],"author":[{"embeddable":true,"href":"https:\/\/www.cnelbalis.com\/ca\/wp-json\/wp\/v2\/users\/6"}],"replies":[{"embeddable":true,"href":"https:\/\/www.cnelbalis.com\/ca\/wp-json\/wp\/v2\/comments?post=49733"}],"version-history":[{"count":2,"href":"https:\/\/www.cnelbalis.com\/ca\/wp-json\/wp\/v2\/posts\/49733\/revisions"}],"predecessor-version":[{"id":49735,"href":"https:\/\/www.cnelbalis.com\/ca\/wp-json\/wp\/v2\/posts\/49733\/revisions\/49735"}],"wp:featuredmedia":[{"embeddable":true,"href":"https:\/\/www.cnelbalis.com\/ca\/wp-json\/wp\/v2\/media\/49724"}],"wp:attachment":[{"href":"https:\/\/www.cnelbalis.com\/ca\/wp-json\/wp\/v2\/media?parent=49733"}],"wp:term":[{"taxonomy":"category","embeddable":true,"href":"https:\/\/www.cnelbalis.com\/ca\/wp-json\/wp\/v2\/categories?post=49733"},{"taxonomy":"post_tag","embeddable":true,"href":"https:\/\/www.cnelbalis.com\/ca\/wp-json\/wp\/v2\/tags?post=49733"}],"curies":[{"name":"wp","href":"https:\/\/api.w.org\/{rel}","templated":true}]}}