{"id":49351,"date":"2024-03-27T09:52:42","date_gmt":"2024-03-27T08:52:42","guid":{"rendered":"https:\/\/www.cnelbalis.com\/?p=49351"},"modified":"2024-03-27T09:54:36","modified_gmt":"2024-03-27T08:54:36","slug":"assemblea-general-ordinaria","status":"publish","type":"post","link":"https:\/\/www.cnelbalis.com\/ca\/assemblea-general-ordinaria\/","title":{"rendered":"Assemblea General Ordin\u00e0ria"},"content":{"rendered":"<p><img loading=\"lazy\" decoding=\"async\" class=\"aligncenter  wp-image-49346\" src=\"https:\/\/www.cnelbalis.com\/wp-content\/uploads\/2024\/03\/logo-cn-el-balis.png\" alt=\"\" width=\"320\" height=\"224\" \/><\/p>\n<p>&nbsp;<\/p>\n<p>En compliment del que estableixen els estatuts del Club, en l\u2019\u00faltima reuni\u00f3 de la Junta Directiva del passat 12 de mar\u00e7 es va acordar convocar l&#8217;<strong>Assemblea General Ordin\u00e0ria de Socis\/es,<\/strong>\u00a0a celebrar el dissabte dia\u00a0<strong>20 d\u00b4abril de 2024<\/strong>, a les<strong>\u00a09:30\u00a0<\/strong>hores en\u00a0<strong>primera convocat\u00f2ria<\/strong>\u00a0i a les\u00a0<strong>10:00<\/strong>\u00a0hores en\u00a0<strong>segona convocat\u00f2ria<\/strong>, a l\u00b4edifici social del Club situat a la Ctra. N-II, km. 651,6 de Sant Andreu de Llavaneres (Barcelona), sota la Presid\u00e8ncia de Francisco Javier Ripoll Stampa i amb l\u00b4assist\u00e8ncia dels membres de la Junta Directiva.<\/p>\n<p>La informaci\u00f3 sobre les mat\u00e8ries objecte de l\u2019Assemblea General Ordin\u00e0ria estar\u00e0 a disposici\u00f3 dels socis\/es a la secretaria del Club, durant els deu dies naturals anteriors a la celebraci\u00f3 de la mateixa.<\/p>\n","protected":false},"excerpt":{"rendered":"<p>&nbsp; En compliment del que estableixen els estatuts del Club, en l\u2019\u00faltima reuni\u00f3 de la Junta Directiva del passat 12 de mar\u00e7 es va acordar convocar l&#8217;Assemblea General Ordin\u00e0ria de Socis\/es,\u00a0a celebrar el dissabte dia\u00a020 d\u00b4abril de 2024, a les\u00a09:30\u00a0hores en\u00a0primera convocat\u00f2ria\u00a0i a les\u00a010:00\u00a0hores en\u00a0segona convocat\u00f2ria, a l\u00b4edifici social del Club situat a la Ctra. [&hellip;]<\/p>\n","protected":false},"author":6,"featured_media":49339,"comment_status":"closed","ping_status":"closed","sticky":false,"template":"","format":"standard","meta":{"footnotes":""},"categories":[8],"tags":[],"class_list":["post-49351","post","type-post","status-publish","format-standard","has-post-thumbnail","hentry","category-noticies"],"acf":[],"_links":{"self":[{"href":"https:\/\/www.cnelbalis.com\/ca\/wp-json\/wp\/v2\/posts\/49351","targetHints":{"allow":["GET"]}}],"collection":[{"href":"https:\/\/www.cnelbalis.com\/ca\/wp-json\/wp\/v2\/posts"}],"about":[{"href":"https:\/\/www.cnelbalis.com\/ca\/wp-json\/wp\/v2\/types\/post"}],"author":[{"embeddable":true,"href":"https:\/\/www.cnelbalis.com\/ca\/wp-json\/wp\/v2\/users\/6"}],"replies":[{"embeddable":true,"href":"https:\/\/www.cnelbalis.com\/ca\/wp-json\/wp\/v2\/comments?post=49351"}],"version-history":[{"count":2,"href":"https:\/\/www.cnelbalis.com\/ca\/wp-json\/wp\/v2\/posts\/49351\/revisions"}],"predecessor-version":[{"id":49353,"href":"https:\/\/www.cnelbalis.com\/ca\/wp-json\/wp\/v2\/posts\/49351\/revisions\/49353"}],"wp:featuredmedia":[{"embeddable":true,"href":"https:\/\/www.cnelbalis.com\/ca\/wp-json\/wp\/v2\/media\/49339"}],"wp:attachment":[{"href":"https:\/\/www.cnelbalis.com\/ca\/wp-json\/wp\/v2\/media?parent=49351"}],"wp:term":[{"taxonomy":"category","embeddable":true,"href":"https:\/\/www.cnelbalis.com\/ca\/wp-json\/wp\/v2\/categories?post=49351"},{"taxonomy":"post_tag","embeddable":true,"href":"https:\/\/www.cnelbalis.com\/ca\/wp-json\/wp\/v2\/tags?post=49351"}],"curies":[{"name":"wp","href":"https:\/\/api.w.org\/{rel}","templated":true}]}}