{"id":49015,"date":"2024-03-08T09:56:14","date_gmt":"2024-03-08T08:56:14","guid":{"rendered":"https:\/\/www.cnelbalis.com\/?p=49015"},"modified":"2024-03-08T09:56:14","modified_gmt":"2024-03-08T08:56:14","slug":"lexit-de-les-dones-al-balis","status":"publish","type":"post","link":"https:\/\/www.cnelbalis.com\/ca\/lexit-de-les-dones-al-balis\/","title":{"rendered":"L&#8217;\u00e8xit de les dones al Bal\u00eds"},"content":{"rendered":"<p>Les dones s\u00f3n un element imprescindible al Bal\u00eds. Tant en la nostra plantilla de treballadors, com en la comunitat de socis, i sense oblidar la pedrera d&#8217;alumnes i esportistes de la nostra Escola de Vela, elles formen part de l&#8217;ess\u00e8ncia del Club.<\/p>\n<p style=\"text-align: center;\"><em><strong>Avui, amb motiu del Dia Internacional de la Dona, donem veu a 4 de les nostres esportistes a trav\u00e9s d&#8217;una entrevista en la qual es donen a con\u00e8ixer.<\/strong><\/em><\/p>\n<p>Ens parlen de la seva traject\u00f2ria esportiva i posen focus en els principals reptes que afronten les dones en la vela.<\/p>\n<p><img loading=\"lazy\" decoding=\"async\" class=\"aligncenter size-full wp-image-48992\" src=\"https:\/\/www.cnelbalis.com\/wp-content\/uploads\/2024\/03\/IMG_2229-scaled.jpg\" alt=\"\" width=\"2560\" height=\"1440\" srcset=\"https:\/\/www.cnelbalis.com\/wp-content\/uploads\/2024\/03\/IMG_2229-scaled.jpg 2560w, https:\/\/www.cnelbalis.com\/wp-content\/uploads\/2024\/03\/IMG_2229-300x169.jpg 300w, https:\/\/www.cnelbalis.com\/wp-content\/uploads\/2024\/03\/IMG_2229-1024x576.jpg 1024w, https:\/\/www.cnelbalis.com\/wp-content\/uploads\/2024\/03\/IMG_2229-768x432.jpg 768w, https:\/\/www.cnelbalis.com\/wp-content\/uploads\/2024\/03\/IMG_2229-1536x864.jpg 1536w, https:\/\/www.cnelbalis.com\/wp-content\/uploads\/2024\/03\/IMG_2229-2048x1152.jpg 2048w\" sizes=\"auto, (max-width: 2560px) 100vw, 2560px\" \/><\/p>\n<p><strong>J\u00falia G\u00f3mez Roa (IQFOIL)<\/strong><\/p>\n<p>\u00c9s actualment la nostra representant en l&#8217;Equip Ol\u00edmpic juvenil (Sub-23) de la RFEV en la classe IQFoil femen\u00ed. Est\u00e0 dins de l&#8217;equip de promeses ol\u00edmpiques per la campanya Ol\u00edmpica de 2028 (Los Angeles). El passat octubre de 2023, es va coronar com a Campiona de la Copa d&#8217;Espanya de IQFoil, celebrada en aig\u00fces de la Ria de Vigo.<\/p>\n<p>El seu pr\u00f2xim repte \u00e9s el trofeu Princesa Sof\u00eda, per\u00f2 els seus objectius aquesta temporada se centren en l&#8217;Europeu i el Mundial Sub-23.<\/p>\n<p><img loading=\"lazy\" decoding=\"async\" class=\"aligncenter size-full wp-image-49004\" src=\"https:\/\/www.cnelbalis.com\/wp-content\/uploads\/2024\/03\/f640396d-9c3a-4cd1-b654-fcf246547212.jpg\" alt=\"\" width=\"1024\" height=\"683\" srcset=\"https:\/\/www.cnelbalis.com\/wp-content\/uploads\/2024\/03\/f640396d-9c3a-4cd1-b654-fcf246547212.jpg 1024w, https:\/\/www.cnelbalis.com\/wp-content\/uploads\/2024\/03\/f640396d-9c3a-4cd1-b654-fcf246547212-300x200.jpg 300w, https:\/\/www.cnelbalis.com\/wp-content\/uploads\/2024\/03\/f640396d-9c3a-4cd1-b654-fcf246547212-768x512.jpg 768w\" sizes=\"auto, (max-width: 1024px) 100vw, 1024px\" \/><\/p>\n<p><strong>Jana i Martina Rahola (420)<\/strong><\/p>\n<p>El gener passat, aquestes germanes es van coronar com a Subcampiones del M\u00f3n en la categoria Sub-17 de la classe 420 al Brasil. Encara els queda una temporada m\u00e9s competint en aquesta categoria, i amb moltes ganes i treball, busquen la classificaci\u00f3 a l&#8217;Europeu Absolut i a l&#8217;Europeu Juvenil per a poder repetir un podi internacional. En menys d&#8217;un mes competiran en el Campionat d&#8217;Espanya, on tamb\u00e9 buscaran una medalla i tractaran de tornar a ser campiones catalanes en aquesta categoria.<\/p>\n<p><img loading=\"lazy\" decoding=\"async\" class=\"aligncenter size-full wp-image-48996\" src=\"https:\/\/www.cnelbalis.com\/wp-content\/uploads\/2024\/03\/1997e71d-d94f-403f-9c80-0071e4af87c2-e1709829664273.jpg\" alt=\"\" width=\"1200\" height=\"1600\" \/><\/p>\n<p><strong>M\u00f2nica Veenhoven (projecte de Foil de la FCV)<\/strong><\/p>\n<p>A m\u00e9s de ser l&#8217;actual entrenadora del grup de Optimist B, \u00e9s una gran regatista, destacant en Optimist, Europa i 470, i obtenint l&#8217;europeu absolut de la classe Europa en 2021.<\/p>\n<p>Tamb\u00e9 \u00e9s una regatista habitual en el nostre equip femen\u00ed de classe monotips. I acaba de ser seleccionada per part de la FCV per a un ambici\u00f3s projecte en vaixells de Foil, en aquesta ocasi\u00f3 a la classe 69F. \u00c9s un projecte a mitj\u00e0 i llarg termini i \u00e9s una de les 6 triades entre totes les dones de Catalunya per a ser part de la tripulaci\u00f3 en els vaixells del futur.<\/p>\n<p>&nbsp;<\/p>\n<p><strong>Com vas comen\u00e7ar a interessar-te per l&#8217;esport?<\/strong><\/p>\n<ul>\n<li><strong>J\u00falia:<\/strong><\/li>\n<\/ul>\n<p>Des de la meva inf\u00e0ncia, l&#8217;inter\u00e8s per l&#8217;esport ha estat constant, tant en l&#8217;\u00e0mbit familiar com en les meves activitats individuals. Participar activament en diverses disciplines esportives des de petita ha impulsat la meva estima pel moviment i la competici\u00f3. Avui dia no sabria viure sense aix\u00f2.<\/p>\n<ul>\n<li><strong>Jana:<\/strong><\/li>\n<\/ul>\n<p>En realitat mai em vaig interessar per aquest esport. La meva mare sortia amb pneum\u00e0tica quan jo estava en la seva panxa. Als 4 anys vaig comen\u00e7ar a navegar perqu\u00e8 les meves germanes ho feien.<\/p>\n<ul>\n<li><strong>Martina:<\/strong><\/li>\n<\/ul>\n<p>La veritat \u00e9s que sempre he estat una nena molt moguda, i des que soc petita he fet algun esport entre setmana. He provat diferents esports i he anat canviant, menys la vela, que la practicava cada cap de setmana.<\/p>\n<ul>\n<li><strong>M\u00f2nica:<\/strong><\/li>\n<\/ul>\n<p>De petita ja m&#8217;agradaven molt els esports (b\u00e0squet, gimn\u00e0stica, futbol, tennis\u2026) i d&#8217;altra banda la meva fam\u00edlia sempre ha estat molt relacionada amb la mar. Aix\u00ed que als 10 anys vaig comen\u00e7ar a compaginar altres esports amb la vela i a entrar en el m\u00f3n de la competici\u00f3 al Bal\u00eds.<\/p>\n<p>&nbsp;<\/p>\n<p><strong>Quins han estat els teus majors referents?<\/strong><\/p>\n<ul>\n<li><strong>J\u00falia:<\/strong><\/li>\n<\/ul>\n<p>El meu germ\u00e0 gran ha estat un referent essencial en el meu cam\u00ed esportiu, brindant-me suport constant i motivant-me a superar desafiaments en la cerca de les meves fites atl\u00e8tiques.<\/p>\n<ul>\n<li><strong>Jana:<\/strong><\/li>\n<\/ul>\n<p>Els meus majors referents sempre han estat les meves dues germanes grans i la meva mare: al cap i a la fi, han estat les persones amb les quals he crescut, i sempre m&#8217;he guiat per elles.<\/p>\n<ul>\n<li><strong>Martina:<\/strong><\/li>\n<\/ul>\n<p>Les meves germanes grans. Des que elles van comen\u00e7ar a navegar, la meva germana bessona i jo vam voler fer-ho.<\/p>\n<ul>\n<li><strong>M\u00f2nica:<\/strong><\/li>\n<\/ul>\n<p>Els meus grans referents en el m\u00f3n de la vela han anat canviant al llarg dels anys, per\u00f2 principalment els esportistes que arribaven a les olimp\u00edades, per tot el treball i implicaci\u00f3 que hi ha darrere.<\/p>\n<p>&nbsp;<\/p>\n<p><strong>Per qui t&#8217;has sentit m\u00e9s recolzada en tot el teu cam\u00ed com a esportista?<\/strong><\/p>\n<ul>\n<li><strong>J\u00falia:<\/strong><\/li>\n<\/ul>\n<p>Al llarg de la meva traject\u00f2ria, la fam\u00edlia ha estat un suport constant, oferint suport emocional. Mentrestant, els entrenadors actuals tamb\u00e9 exerceixen un paper crucial, proporcionant orientaci\u00f3 t\u00e8cnica i contribuint al meu desenvolupament atl\u00e8tic.<\/p>\n<ul>\n<li><strong>Jana:<\/strong><\/li>\n<\/ul>\n<p>Com b\u00e9 he dit abans, la meva fam\u00edlia \u00e9s un gran pilar a la meva vida. Ells s\u00f3n el motiu que m&#8217;impulsa a ser la regatista que soc ara, implicant-se \u2013 mai m\u00e9s ben dit \u2013 des del minut zero.<\/p>\n<ul>\n<li><strong>Martina:<\/strong><\/li>\n<\/ul>\n<p>Per la meva fam\u00edlia. Sobretot quan estic menys motivada, ells m&#8217;animen a seguir i a veure lo bo. Estic molt agra\u00efda, perqu\u00e8 sense ells no podria fer vela. Han estat sempre els que s&#8217;han menjat hores amb cotxe, han gastat diners comprant material, m&#8217;han animat\u2026<\/p>\n<ul>\n<li><strong>M\u00f2nica:<\/strong><\/li>\n<\/ul>\n<p>El Bal\u00eds ha estat un gran suport tots aquests anys. Com a part del Club he tingut oportunitats que en altres llocs no hagu\u00e9s tingut, aix\u00ed com grans entrenadors i companys. La meva fam\u00edlia tamb\u00e9 ha estat un gran suport per descomptat.<\/p>\n<p>&nbsp;<\/p>\n<p><strong>Quin creus que \u00e9s el major repte d&#8217;una dona que decideix dedicar-se a l&#8217;esport?<\/strong><\/p>\n<ul>\n<li><strong>J\u00falia:<\/strong><\/li>\n<\/ul>\n<p>Considero que el principal desafiament per a una dona dedicada a l&#8217;esport \u00e9s trobar l&#8217;equilibri i promoure la igualtat d&#8217;oportunitats. Superar aquests obstacles \u00e9s essencial per a aconseguir l&#8217;equitat en l&#8217;\u00e0mbit esportiu.<\/p>\n<ul>\n<li><strong>Jana:<\/strong><\/li>\n<\/ul>\n<p>El major repte per a una dona en qualsevol esport \u00e9s que se la prengui de deb\u00f2 i que la valorin. En el cas de la vela, moltes vegades se&#8217;ns ha infravalorat dient que el que hem aconseguit ha estat pel simple fet de ser dones, ja que no hi ha suficients dones que practiquin aquest esport. En alguna cosa tenen ra\u00f3: la vela \u00e9s un esport molt poc reconegut, i encara menys per la dona. Per\u00f2 aix\u00f2 no implica que el t\u00edtol que aconsegueixi qualsevol dona sigui irrellevant, perqu\u00e8 no \u00e9s veritat. Tots els m\u00e8rits s\u00f3n importants, tant els dels homes com els de les dones.<\/p>\n<ul>\n<li><strong>Martina:<\/strong><\/li>\n<\/ul>\n<p>El repte per a una dona que vulgui dedicar-se a l&#8217;esport \u00e9s tenir una carrera esportiva d&#8217;\u00e8xit, el mateix repte que un home, i que aquest \u00e8xit sigui reconegut i tractat amb serietat.<\/p>\n<ul>\n<li><strong>M\u00f2nica:<\/strong><\/li>\n<\/ul>\n<p>Els reptes de qualsevol esportista d&#8217;elit. Saber gestionar la pressi\u00f3, moltes hores d&#8217;implicaci\u00f3, aprendre a compaginar l&#8217;esport amb altres aspectes del teu dia a dia i tenir molt clares les teves prioritats.<\/p>\n<p>&nbsp;<\/p>\n<p><strong>Qu\u00e8 li diries als nens i nenes que volen dedicar la seva vida a l&#8217;esport?<\/strong><\/p>\n<ul>\n<li><strong>J\u00falia:<\/strong><\/li>\n<\/ul>\n<p>Els aconsellaria que perseverin, que gaudeixin del proc\u00e9s i explorin diverses disciplines fins a descobrir la seva veritable passi\u00f3. En l&#8217;esport, cada pas compta, i el veritable triomf resideix en el viatge mateix.<\/p>\n<ul>\n<li><strong>Jana:<\/strong><\/li>\n<\/ul>\n<p>Els diria que, si de veritat creuen que \u00e9s el que volen fer i el que els fa feli\u00e7, que siguin constants i que no es rendeixin en el moment en qu\u00e8 no els surti alguna cosa. Sempre cal sortir cap endavant, i si al final no est\u00e0s del tot conven\u00e7ut de les teves decisions, sempre ets a temps de retrocedir i triar un altre cam\u00ed.<\/p>\n<ul>\n<li><strong>Martina:<\/strong><\/li>\n<\/ul>\n<p>Li diria que s&#8217;ho passin molt b\u00e9 i que aprofitin! Esfor\u00e7a&#8217;t al m\u00e0xim si el que vols \u00e9s millorar, i quan alguna cosa surti malament, aixeca&#8217;t i torna a intentar-ho. En l&#8217;esport (o almenys en la vela), et pot anar molt b\u00e9 si tens talent, per\u00f2 el que realment fa el canvi \u00e9s l&#8217;esfor\u00e7 que hi ha darrere.<\/p>\n<ul>\n<li><strong>M\u00f2nica:<\/strong><\/li>\n<\/ul>\n<p>El m\u00e9s important \u00e9s que es diverteixin, que siguin constants i acabaran veient resultats. M\u00e9s enll\u00e0 dels premis i els beneficis f\u00edsics, l&#8217;esport t&#8217;aporta una s\u00e8rie de valors i capacitats que t&#8217;acompanyaran al llarg de la teva vida.<\/p>\n","protected":false},"excerpt":{"rendered":"<p>Les dones s\u00f3n un element imprescindible al Bal\u00eds. Tant en la nostra plantilla de treballadors, com en la comunitat de socis, i sense oblidar la pedrera d&#8217;alumnes i esportistes de la nostra Escola de Vela, elles formen part de l&#8217;ess\u00e8ncia del Club. Avui, amb motiu del Dia Internacional de la Dona, donem veu a 4 [&hellip;]<\/p>\n","protected":false},"author":6,"featured_media":48996,"comment_status":"closed","ping_status":"closed","sticky":false,"template":"","format":"standard","meta":{"footnotes":""},"categories":[783,782,8,788],"tags":[],"class_list":["post-49015","post","type-post","status-publish","format-standard","has-post-thumbnail","hentry","category-escola","category-esport","category-noticies","category-vela-ca"],"acf":[],"_links":{"self":[{"href":"https:\/\/www.cnelbalis.com\/ca\/wp-json\/wp\/v2\/posts\/49015","targetHints":{"allow":["GET"]}}],"collection":[{"href":"https:\/\/www.cnelbalis.com\/ca\/wp-json\/wp\/v2\/posts"}],"about":[{"href":"https:\/\/www.cnelbalis.com\/ca\/wp-json\/wp\/v2\/types\/post"}],"author":[{"embeddable":true,"href":"https:\/\/www.cnelbalis.com\/ca\/wp-json\/wp\/v2\/users\/6"}],"replies":[{"embeddable":true,"href":"https:\/\/www.cnelbalis.com\/ca\/wp-json\/wp\/v2\/comments?post=49015"}],"version-history":[{"count":4,"href":"https:\/\/www.cnelbalis.com\/ca\/wp-json\/wp\/v2\/posts\/49015\/revisions"}],"predecessor-version":[{"id":49019,"href":"https:\/\/www.cnelbalis.com\/ca\/wp-json\/wp\/v2\/posts\/49015\/revisions\/49019"}],"wp:featuredmedia":[{"embeddable":true,"href":"https:\/\/www.cnelbalis.com\/ca\/wp-json\/wp\/v2\/media\/48996"}],"wp:attachment":[{"href":"https:\/\/www.cnelbalis.com\/ca\/wp-json\/wp\/v2\/media?parent=49015"}],"wp:term":[{"taxonomy":"category","embeddable":true,"href":"https:\/\/www.cnelbalis.com\/ca\/wp-json\/wp\/v2\/categories?post=49015"},{"taxonomy":"post_tag","embeddable":true,"href":"https:\/\/www.cnelbalis.com\/ca\/wp-json\/wp\/v2\/tags?post=49015"}],"curies":[{"name":"wp","href":"https:\/\/api.w.org\/{rel}","templated":true}]}}