{"id":48863,"date":"2024-02-26T11:30:30","date_gmt":"2024-02-26T10:30:30","guid":{"rendered":"https:\/\/www.cnelbalis.com\/?p=48863"},"modified":"2024-02-26T11:30:30","modified_gmt":"2024-02-26T10:30:30","slug":"bernat-cortes-vola-cap-al-ple-en-els-jocs-de-paris","status":"publish","type":"post","link":"https:\/\/www.cnelbalis.com\/ca\/bernat-cortes-vola-cap-al-ple-en-els-jocs-de-paris\/","title":{"rendered":"Bernat Cort\u00e9s vola cap al ple en els Jocs de Par\u00eds"},"content":{"rendered":"<p><img loading=\"lazy\" decoding=\"async\" class=\"aligncenter size-full wp-image-48857\" src=\"https:\/\/www.cnelbalis.com\/wp-content\/uploads\/2024\/02\/WhatsApp-Image-2024-02-26-at-11.13.59.jpeg\" alt=\"\" width=\"1024\" height=\"1009\" srcset=\"https:\/\/www.cnelbalis.com\/wp-content\/uploads\/2024\/02\/WhatsApp-Image-2024-02-26-at-11.13.59.jpeg 1024w, https:\/\/www.cnelbalis.com\/wp-content\/uploads\/2024\/02\/WhatsApp-Image-2024-02-26-at-11.13.59-300x296.jpeg 300w, https:\/\/www.cnelbalis.com\/wp-content\/uploads\/2024\/02\/WhatsApp-Image-2024-02-26-at-11.13.59-768x757.jpeg 768w\" sizes=\"auto, (max-width: 1024px) 100vw, 1024px\" \/><\/p>\n<p style=\"text-align: center;\"><em>Bernat Cort\u00e9s, durant una regata de Formula Kite<\/em><\/p>\n<p>Cada vegada falta menys per als <strong>Jocs Ol\u00edmpics de Par\u00eds 2024<\/strong> i la vela espanyola vol mantenir el seu idil\u00b7li. La vela \u00e9s <strong>la disciplina m\u00e9s llorejada de l&#8217;esport espanyol amb 21 medalles ol\u00edmpiques (13 ors, cinc plates i tres bronzes)<\/strong> i, en els Jocs d&#8217;enguany, Espanya tornar\u00e0 a lluir com a favorita en moltes de les classes per a obtenir una medalla. Aix\u00f2 s\u00ed, encara no t\u00e9 el ple. T\u00e9 ja el bitllet assegurat en nou de les deu categories, per\u00f2 falta una: <strong>F\u00f3rmula Kite mascul\u00ed<\/strong>. Les sensacions s\u00f3n bones, encara que toca fer l&#8217;\u00faltim pas. I, precisament, en aix\u00f2 est\u00e0 <strong>Bernat Cort\u00e9s del CN El Bal\u00eds<\/strong>. \u00c9s la principal basa espanyola per a fer-se amb la pla\u00e7a ol\u00edmpica.<\/p>\n<p><strong>Una data que est\u00e0 marcada en vermell \u00e9s la del 21 al 27 d&#8217;abril. En Hyeres (Fran\u00e7a) es repartiran en aquesta setmana ol\u00edmpica cinc places de pa\u00eds per als Jocs. I Espanya, amb Bernat Cort\u00e9s, ser\u00e0 favorita<\/strong>. Actualment, el que t\u00e9 m\u00e9s limitat \u00e9s el temps. La lesi\u00f3 li va fer donar un pas enrere, per\u00f2 espera que fos per a prendre impuls: \u201cEn l&#8217;esport d&#8217;alt rendiment, amb el talent no n\u2019hi ha prou perqu\u00e8 quan arribes a l&#8217;elit tots s\u00f3n molt bons. S&#8217;ha de tenir tamb\u00e9 intensitat i efici\u00e8ncia. El m\u00e9s limitat \u00e9s el temps i has de prioritzar\u201d.<\/p>\n<p>En una entrevista per al diari AS, Bernat va explicar en quin moment es troba i dona detalls de la seva preparaci\u00f3, tant mental com f\u00edsica.<\/p>\n<h2 class=\"ext-qu__txt\">\u00bfQu\u00e9 es m\u00e1s dif\u00edcil parar, una lancha o un transatl\u00e1ntico? Pues yo quiero ser un transatl\u00e1ntico\u201d.<\/h2>\n<p>Al parlar amb Cort\u00e8s, es descobreix de manera immediata que no vol fer passos en fals. T\u00e9 l&#8217;objectiu d&#8217;estar en els Jocs.<\/p>\n<p>Per a llegir l&#8217;article complet: <a href=\"https:\/\/as.com\/masdeporte\/polideportivo\/bernat-cortes-vuela-hacia-el-pleno-en-los-juegos-de-paris-n\/?ssm=whatsapp\">Bernat Cort\u00e9s vuela hacia el pleno en los Juegos de Par\u00eds &#8211; AS.com<\/a><\/p>\n<p>&nbsp;<\/p>\n","protected":false},"excerpt":{"rendered":"<p>Bernat Cort\u00e9s, durant una regata de Formula Kite Cada vegada falta menys per als Jocs Ol\u00edmpics de Par\u00eds 2024 i la vela espanyola vol mantenir el seu idil\u00b7li. La vela \u00e9s la disciplina m\u00e9s llorejada de l&#8217;esport espanyol amb 21 medalles ol\u00edmpiques (13 ors, cinc plates i tres bronzes) i, en els Jocs d&#8217;enguany, Espanya [&hellip;]<\/p>\n","protected":false},"author":6,"featured_media":48857,"comment_status":"closed","ping_status":"closed","sticky":false,"template":"","format":"standard","meta":{"footnotes":""},"categories":[782,8,788],"tags":[],"class_list":["post-48863","post","type-post","status-publish","format-standard","has-post-thumbnail","hentry","category-esport","category-noticies","category-vela-ca"],"acf":[],"_links":{"self":[{"href":"https:\/\/www.cnelbalis.com\/ca\/wp-json\/wp\/v2\/posts\/48863","targetHints":{"allow":["GET"]}}],"collection":[{"href":"https:\/\/www.cnelbalis.com\/ca\/wp-json\/wp\/v2\/posts"}],"about":[{"href":"https:\/\/www.cnelbalis.com\/ca\/wp-json\/wp\/v2\/types\/post"}],"author":[{"embeddable":true,"href":"https:\/\/www.cnelbalis.com\/ca\/wp-json\/wp\/v2\/users\/6"}],"replies":[{"embeddable":true,"href":"https:\/\/www.cnelbalis.com\/ca\/wp-json\/wp\/v2\/comments?post=48863"}],"version-history":[{"count":3,"href":"https:\/\/www.cnelbalis.com\/ca\/wp-json\/wp\/v2\/posts\/48863\/revisions"}],"predecessor-version":[{"id":48866,"href":"https:\/\/www.cnelbalis.com\/ca\/wp-json\/wp\/v2\/posts\/48863\/revisions\/48866"}],"wp:featuredmedia":[{"embeddable":true,"href":"https:\/\/www.cnelbalis.com\/ca\/wp-json\/wp\/v2\/media\/48857"}],"wp:attachment":[{"href":"https:\/\/www.cnelbalis.com\/ca\/wp-json\/wp\/v2\/media?parent=48863"}],"wp:term":[{"taxonomy":"category","embeddable":true,"href":"https:\/\/www.cnelbalis.com\/ca\/wp-json\/wp\/v2\/categories?post=48863"},{"taxonomy":"post_tag","embeddable":true,"href":"https:\/\/www.cnelbalis.com\/ca\/wp-json\/wp\/v2\/tags?post=48863"}],"curies":[{"name":"wp","href":"https:\/\/api.w.org\/{rel}","templated":true}]}}