{"id":48714,"date":"2024-02-14T14:03:19","date_gmt":"2024-02-14T13:03:19","guid":{"rendered":"https:\/\/www.cnelbalis.com\/?p=48714"},"modified":"2025-05-28T11:50:41","modified_gmt":"2025-05-28T09:50:41","slug":"la-medsailing-del-cn-el-balis-es-la-gran-referencia-del-29er-e-incorpora-el-49erfx","status":"publish","type":"post","link":"https:\/\/www.cnelbalis.com\/ca\/la-medsailing-del-cn-el-balis-es-la-gran-referencia-del-29er-e-incorpora-el-49erfx\/","title":{"rendered":"La MedSailing del CN El Bal\u00eds \u00e9s la gran refer\u00e8ncia del 29er e incorpora el 49erFX"},"content":{"rendered":"<ul>\n<li><em>La competici\u00f3 es celebra del 15 al 18 de febrer en aig\u00fces del maresme<\/em><\/li>\n<li><em>Del 20 al 23 de febrer es celebrar\u00e0 l&#8217;Open S\u00e8ries de FX<\/em><\/li>\n<\/ul>\n<p><img loading=\"lazy\" decoding=\"async\" class=\"aligncenter size-full wp-image-48709\" src=\"https:\/\/www.cnelbalis.com\/wp-content\/uploads\/2024\/02\/content-1.jpg\" alt=\"\" width=\"1500\" height=\"1000\" srcset=\"https:\/\/www.cnelbalis.com\/wp-content\/uploads\/2024\/02\/content-1.jpg 1500w, https:\/\/www.cnelbalis.com\/wp-content\/uploads\/2024\/02\/content-1-300x200.jpg 300w, https:\/\/www.cnelbalis.com\/wp-content\/uploads\/2024\/02\/content-1-1024x683.jpg 1024w, https:\/\/www.cnelbalis.com\/wp-content\/uploads\/2024\/02\/content-1-768x512.jpg 768w\" sizes=\"auto, (max-width: 1500px) 100vw, 1500px\" \/><\/p>\n<p style=\"text-align: center;\"><em>La\u00a0MedSailing, que organitza el\u00a0CN\u00a0El\u00a0Bal\u00eds, \u00e9s una de les regates fixes del circuit Eurocup de la classe\u00a029er. Foto: Laura\u00a0Carrau<\/em><\/p>\n<p><strong>Sant Andreu de Llavaneres, 14\/02\/24.-<\/strong> La MedSailing 2024 s&#8217;ha convertit en una de les grans refer\u00e8ncies mundials de la classe 29er. Va ser la pionera en el circuit 29er Eurocup i \u00e9s la rampa de sortida de la classes ol\u00edmpiques 49er i FX. \u00c9s per aix\u00f2 que enguany des del Club N\u00e0utic El Bal\u00eds s&#8217;ha fet un pas m\u00e9s i ha incorporat una Open S\u00e8ries per a la classe 49erFX, just despr\u00e9s de la MedSailing.<\/p>\n<p>La regata per primera vegada se celebrar\u00e0 en dues parts, del 15 al 18 de febrer competiran els 29er i del 20 al 24 de febrer la Open S\u00e8ries del 49erFX amb tripulacions femenines i mixtes.<\/p>\n<p>En l&#8217;edici\u00f3 d&#8217;aquest any de 29er participen un total de 117 tripulacions procedents de 17 pa\u00efsos, i que s\u00f3n els seg\u00fcents: Alemanya, \u00c0ustria, B\u00e8lgica, el Brasil, Eslov\u00e8nia, Espanya, Finl\u00e0ndia, Fran\u00e7a, Gran Bretanya, Hongria, Irlanda, It\u00e0lia, Noruega, Pa\u00efsos Baixos, Pol\u00f2nia, Rep\u00fablica Txeca, Su\u00efssa i Su\u00e8cia.<\/p>\n<p>L&#8217;aposta per les tripulacions joves des de l&#8217;inici ha estat aix\u00ed i l&#8217;evoluci\u00f3 cap als skiffs es consolida amb la incorporaci\u00f3 dels 49erFX e. Anteriorment la MedSailing va comptar tamb\u00e9 amb les flotes de Europe i 420.<\/p>\n<p>El club del Maresme ja va ser seu fa dos estius del Campionat del M\u00f3n de 29er, amb el que \u00e9s sens dubte un dels llocs marcats en el calendari d&#8217;aquesta classe.<\/p>\n<p>Enguany la 29er Eurocup s&#8217;ha estrenat m\u00e9s aviat que mai, va anar en la Christmas Race de Palam\u00f3s i la Comunitat Valenciana Olympic Week a Val\u00e8ncia. La MedSailing del Bal\u00eds ser\u00e0 el tercer esdeveniment de la temporada del circuit 2024, que lideren els holandesos Tim Wildeboer i Lars Van den Berg.<\/p>\n<p><strong>\u00a0<\/strong><\/p>\n<p><strong>Campions del m\u00f3n<\/strong><\/p>\n<p>L&#8217;actual campiona del m\u00f3n, la irlandeses Clementine Van Steenberge participar\u00e0 al costat de Jessica Riordan, partint com a grans favorites, a les quals s&#8217;unir\u00e0 la tripulaci\u00f3 hongaresa de Soma Kis-Sz\u00f6lgy\u00e9mi i Andr\u00e1s S\u00e1muel Juh\u00e1sz que defensen el t\u00edtol de guanyadors de la MedSailing 2023.<\/p>\n<p>Tamb\u00e9 participar\u00e0 a la MedSailing el vigent campi\u00f3 del m\u00f3n de la classe Optimist, el suec Henric Wingforss al costat de William Drakenberg.<\/p>\n<p>La MedSailing 2024 comptar\u00e0 amb quatre dies de competici\u00f3 en cadascuna de les seves fases. Estan programades un m\u00e0xim de 16 proves, quatre per dia.<\/p>\n<p>La directora esportiva del Club N\u00e0utic El Bal\u00eds, Magda Resano, explica en qu\u00e8 consisteix la MedSailing: \u201cEs tracta d&#8217;una regata internacional amb una classe molt consolidada com \u00e9s el 29er i en aquesta edici\u00f3 hem cregut interessant incorporar el FX fent un pas m\u00e9s\u201d i afegeix que \u201ccontinuem apostant per aquestes classes estableixin la MedSailing com una regata fixa, com ja \u00e9s el cas del 29er, en els seus calendaris i aix\u00ed anar creixent en un futur\u201d.<\/p>\n<p>La MedSailing ser\u00e0 la primera de les grans regates que se celebraran en el club de Sant Andreu de Llavaneres durant aquest any 2024.<\/p>\n<p>&nbsp;<\/p>\n<p><strong>Sobre el CN El Balis<\/strong><\/p>\n<p>El Club N\u00e0utic El Bal\u00eds es troba dins del terme municipal de Sant Andreu de Llavaneres, situat en una zona privilegiada de la comarca del Maresme, al costat de les localitats de San Vicen\u00e7 de Montalt i Caldetes d&#8217;Estrac. Aquestes dues localitats juntament amb Sant Andreu de Llavaneres formen el que es denomina com \u201cEls Tres Viles\u201d.<\/p>\n<p>Amb m\u00e9s de 50 anys d&#8217;hist\u00f2ria, El Balis va n\u00e9ixer en 1966 de la m\u00e0 d&#8217;aut\u00e8ntics emprenedors que volien gaudir d&#8217;un espai d&#8217;oci i esport. Al llarg d&#8217;aquest temps, el club s&#8217;ha posicionat com un club n\u00e0utic de refer\u00e8ncia a nivell nacional gr\u00e0cies al seu atractiu social i als seus assoliments esportius, on destaca en vela lleugera.<\/p>\n<p>El club ofereix una \u00e0mplia gamma de serveis, com a escola n\u00e0utica, club social, gimn\u00e0s&#8230; aix\u00ed com una variada oferta de restauraci\u00f3 i activitats empresarials i n\u00e0utiques.<\/p>\n<p>&nbsp;<\/p>\n<p><em>Article escrit per Jaume Soler<\/em><\/p>\n<p>&nbsp;<\/p>\n<p style=\"text-align: center;\"><em>Publicat el 14 Feb 2024<\/em><\/p>\n","protected":false},"excerpt":{"rendered":"<p>La competici\u00f3 es celebra del 15 al 18 de febrer en aig\u00fces del maresme Del 20 al 23 de febrer es celebrar\u00e0 l&#8217;Open S\u00e8ries de FX La\u00a0MedSailing, que organitza el\u00a0CN\u00a0El\u00a0Bal\u00eds, \u00e9s una de les regates fixes del circuit Eurocup de la classe\u00a029er. Foto: Laura\u00a0Carrau Sant Andreu de Llavaneres, 14\/02\/24.- La MedSailing 2024 s&#8217;ha convertit en [&hellip;]<\/p>\n","protected":false},"author":6,"featured_media":48709,"comment_status":"closed","ping_status":"closed","sticky":false,"template":"","format":"standard","meta":{"footnotes":""},"categories":[782,8,788],"tags":[],"class_list":["post-48714","post","type-post","status-publish","format-standard","has-post-thumbnail","hentry","category-esport","category-noticies","category-vela-ca"],"acf":[],"_links":{"self":[{"href":"https:\/\/www.cnelbalis.com\/ca\/wp-json\/wp\/v2\/posts\/48714","targetHints":{"allow":["GET"]}}],"collection":[{"href":"https:\/\/www.cnelbalis.com\/ca\/wp-json\/wp\/v2\/posts"}],"about":[{"href":"https:\/\/www.cnelbalis.com\/ca\/wp-json\/wp\/v2\/types\/post"}],"author":[{"embeddable":true,"href":"https:\/\/www.cnelbalis.com\/ca\/wp-json\/wp\/v2\/users\/6"}],"replies":[{"embeddable":true,"href":"https:\/\/www.cnelbalis.com\/ca\/wp-json\/wp\/v2\/comments?post=48714"}],"version-history":[{"count":5,"href":"https:\/\/www.cnelbalis.com\/ca\/wp-json\/wp\/v2\/posts\/48714\/revisions"}],"predecessor-version":[{"id":53716,"href":"https:\/\/www.cnelbalis.com\/ca\/wp-json\/wp\/v2\/posts\/48714\/revisions\/53716"}],"wp:featuredmedia":[{"embeddable":true,"href":"https:\/\/www.cnelbalis.com\/ca\/wp-json\/wp\/v2\/media\/48709"}],"wp:attachment":[{"href":"https:\/\/www.cnelbalis.com\/ca\/wp-json\/wp\/v2\/media?parent=48714"}],"wp:term":[{"taxonomy":"category","embeddable":true,"href":"https:\/\/www.cnelbalis.com\/ca\/wp-json\/wp\/v2\/categories?post=48714"},{"taxonomy":"post_tag","embeddable":true,"href":"https:\/\/www.cnelbalis.com\/ca\/wp-json\/wp\/v2\/tags?post=48714"}],"curies":[{"name":"wp","href":"https:\/\/api.w.org\/{rel}","templated":true}]}}