{"id":48354,"date":"2024-01-15T11:49:37","date_gmt":"2024-01-15T10:49:37","guid":{"rendered":"https:\/\/www.cnelbalis.com\/?p=48354"},"modified":"2024-01-15T11:49:37","modified_gmt":"2024-01-15T10:49:37","slug":"florian-trittel-regatista-del-balis-candidat-a-millor-navegant-de-lany-2023","status":"publish","type":"post","link":"https:\/\/www.cnelbalis.com\/ca\/florian-trittel-regatista-del-balis-candidat-a-millor-navegant-de-lany-2023\/","title":{"rendered":"Florian Trittel, regatista del Bal\u00eds, candidat a Millor Navegant de l&#8217;Any 2023"},"content":{"rendered":"<p><img loading=\"lazy\" decoding=\"async\" class=\"aligncenter size-full wp-image-48359\" src=\"https:\/\/www.cnelbalis.com\/wp-content\/uploads\/2024\/01\/WhatsApp-Image-2024-01-15-at-11.43.21-e1705315563223.jpeg\" alt=\"\" width=\"1365\" height=\"907\" srcset=\"https:\/\/www.cnelbalis.com\/wp-content\/uploads\/2024\/01\/WhatsApp-Image-2024-01-15-at-11.43.21-e1705315563223.jpeg 1365w, https:\/\/www.cnelbalis.com\/wp-content\/uploads\/2024\/01\/WhatsApp-Image-2024-01-15-at-11.43.21-e1705315563223-300x199.jpeg 300w, https:\/\/www.cnelbalis.com\/wp-content\/uploads\/2024\/01\/WhatsApp-Image-2024-01-15-at-11.43.21-e1705315563223-1024x680.jpeg 1024w, https:\/\/www.cnelbalis.com\/wp-content\/uploads\/2024\/01\/WhatsApp-Image-2024-01-15-at-11.43.21-e1705315563223-768x510.jpeg 768w\" sizes=\"auto, (max-width: 1365px) 100vw, 1365px\" \/><\/p>\n<p style=\"text-align: center;\"><em>Florian Trittel, regatista del Bal\u00eds, en un acte de reconeixement al Club<\/em><\/p>\n<p>&nbsp;<\/p>\n<p><span style=\"font-weight: 400;\">La setmana passada es van fer p\u00fablics els nominats al guard\u00f3 de Millor Navegant de l&#8217;Any de la Festa de la Vela Catalana.<\/span><\/p>\n<p>&nbsp;<\/p>\n<p><span style=\"font-weight: 400;\">Florian Trittel, regatista de la classe 49er del Club N\u00e0utic el Bal\u00eds, \u00e9s un dels nominats en la categoria masculina.<\/span><\/p>\n<p>&nbsp;<\/p>\n<p><span style=\"font-weight: 400;\">Els guanyadors es decidiran mitjan\u00e7ant una votaci\u00f3 en dues fases.\u00a0<\/span><span style=\"font-weight: 400;\">La primera fase de la votaci\u00f3, que finalitzar\u00e0 el 21 de gener, est\u00e0 reservada a Clubs, Directius de Clubs, T\u00e8cnics i Jutges de la Vela Catalana, i comptar\u00e0 un 70% en el c\u00f2mput global de l\u2019elecci\u00f3i. La segona fase (del 22 al 28 de gener) computar\u00e0 el 30% restant i es decidir\u00e0 mitjan\u00e7ant una votaci\u00f3 dels federats amb llic\u00e8ncia d&#8217;esportista 2023. El 31 de gener, a la Festa de la Vela Catalana, es faran p\u00fablics els guanyadors d&#8217;aquest guard\u00f3 a l&#8217;espai America&#8217;s Cup Experience.<\/span><\/p>\n<p>&nbsp;<\/p>\n<p><span style=\"font-weight: 400;\">Al Bal\u00eds ens omple d\u2019orgull acollir i ser representats per navegants de primera categoria com en Florian.<\/span><\/p>\n<p>&nbsp;<\/p>\n<p><span style=\"font-weight: 400;\">Molta sort i enhorabona!<\/span><\/p>\n","protected":false},"excerpt":{"rendered":"<p>Florian Trittel, regatista del Bal\u00eds, en un acte de reconeixement al Club &nbsp; La setmana passada es van fer p\u00fablics els nominats al guard\u00f3 de Millor Navegant de l&#8217;Any de la Festa de la Vela Catalana. &nbsp; Florian Trittel, regatista de la classe 49er del Club N\u00e0utic el Bal\u00eds, \u00e9s un dels nominats en la [&hellip;]<\/p>\n","protected":false},"author":6,"featured_media":48359,"comment_status":"closed","ping_status":"closed","sticky":false,"template":"","format":"standard","meta":{"footnotes":""},"categories":[782,8,788],"tags":[],"class_list":["post-48354","post","type-post","status-publish","format-standard","has-post-thumbnail","hentry","category-esport","category-noticies","category-vela-ca"],"acf":[],"_links":{"self":[{"href":"https:\/\/www.cnelbalis.com\/ca\/wp-json\/wp\/v2\/posts\/48354","targetHints":{"allow":["GET"]}}],"collection":[{"href":"https:\/\/www.cnelbalis.com\/ca\/wp-json\/wp\/v2\/posts"}],"about":[{"href":"https:\/\/www.cnelbalis.com\/ca\/wp-json\/wp\/v2\/types\/post"}],"author":[{"embeddable":true,"href":"https:\/\/www.cnelbalis.com\/ca\/wp-json\/wp\/v2\/users\/6"}],"replies":[{"embeddable":true,"href":"https:\/\/www.cnelbalis.com\/ca\/wp-json\/wp\/v2\/comments?post=48354"}],"version-history":[{"count":2,"href":"https:\/\/www.cnelbalis.com\/ca\/wp-json\/wp\/v2\/posts\/48354\/revisions"}],"predecessor-version":[{"id":48364,"href":"https:\/\/www.cnelbalis.com\/ca\/wp-json\/wp\/v2\/posts\/48354\/revisions\/48364"}],"wp:featuredmedia":[{"embeddable":true,"href":"https:\/\/www.cnelbalis.com\/ca\/wp-json\/wp\/v2\/media\/48359"}],"wp:attachment":[{"href":"https:\/\/www.cnelbalis.com\/ca\/wp-json\/wp\/v2\/media?parent=48354"}],"wp:term":[{"taxonomy":"category","embeddable":true,"href":"https:\/\/www.cnelbalis.com\/ca\/wp-json\/wp\/v2\/categories?post=48354"},{"taxonomy":"post_tag","embeddable":true,"href":"https:\/\/www.cnelbalis.com\/ca\/wp-json\/wp\/v2\/tags?post=48354"}],"curies":[{"name":"wp","href":"https:\/\/api.w.org\/{rel}","templated":true}]}}