{"id":47171,"date":"2023-09-21T11:37:29","date_gmt":"2023-09-21T09:37:29","guid":{"rendered":"https:\/\/www.cnelbalis.com\/?p=47171"},"modified":"2023-09-28T14:34:14","modified_gmt":"2023-09-28T12:34:14","slug":"lhydra-i-el-cometa-del-club-nautic-el-balis-deixant-marca-al-campionat-mundial-de-creuer-a-dos-orc","status":"publish","type":"post","link":"https:\/\/www.cnelbalis.com\/ca\/lhydra-i-el-cometa-del-club-nautic-el-balis-deixant-marca-al-campionat-mundial-de-creuer-a-dos-orc\/","title":{"rendered":"El Cometa, el Hydra i l&#8217;Ast\u00e9rix del Club Na\u00f9tic El Bal\u00eds, deixant marca al Campionat Mundial de Creuer a Dos ORC"},"content":{"rendered":"<p><img loading=\"lazy\" decoding=\"async\" class=\"aligncenter size-full wp-image-47139\" src=\"https:\/\/www.cnelbalis.com\/wp-content\/uploads\/2023\/09\/53187473225_e7a6152eed_o.jpg\" alt=\"\" width=\"2048\" height=\"1365\" srcset=\"https:\/\/www.cnelbalis.com\/wp-content\/uploads\/2023\/09\/53187473225_e7a6152eed_o.jpg 2048w, https:\/\/www.cnelbalis.com\/wp-content\/uploads\/2023\/09\/53187473225_e7a6152eed_o-300x200.jpg 300w, https:\/\/www.cnelbalis.com\/wp-content\/uploads\/2023\/09\/53187473225_e7a6152eed_o-1024x683.jpg 1024w, https:\/\/www.cnelbalis.com\/wp-content\/uploads\/2023\/09\/53187473225_e7a6152eed_o-768x512.jpg 768w, https:\/\/www.cnelbalis.com\/wp-content\/uploads\/2023\/09\/53187473225_e7a6152eed_o-1536x1024.jpg 1536w, https:\/\/www.cnelbalis.com\/wp-content\/uploads\/2023\/09\/53187473225_e7a6152eed_o-1500x1000.jpg 1500w\" sizes=\"auto, (max-width: 2048px) 100vw, 2048px\" \/><\/p>\n<p>&nbsp;<\/p>\n<p><strong><em>La dupla de Llu\u00eds Blanchar i Pablo Calbet\u00f3 s&#8217;ha classificat com a subcampiona del m\u00f3n en el Grup B, mentre que la dupla encap\u00e7alada pel navegant \u00d3scar Chaves ha aconseguit un 4t lloc en el Grup A i la dupla de Guillermo D\u00edaz tamb\u00e9 ha aconseguit un 4t lloc en el Grup C<\/em><\/strong><\/p>\n<p><strong><em>\u00a0<\/em><\/strong><\/p>\n<p>Durant els dies 9 i 15 de setembre s&#8217;ha celebrat en aig\u00fces catalanes el Campionat del M\u00f3n ORC de creuer a Dos. S\u00f3n 6 les embarcacions del Club N\u00e0utic el Bal\u00eds que han participat en l&#8217;edici\u00f3 d&#8217;enguany: el Cometa de Llu\u00eds Blanchar, el Hydra d&#8217;\u00d3scar Chaves, el Modark d&#8217;Asier Garcia, el Cometa 2 de Xavier Rocas, el Filigrana d&#8217;H\u00e9ctor Mart\u00ednez i l&#8217;Ast\u00e9rix de Guillermo D\u00edaz.<\/p>\n<p>&nbsp;<\/p>\n<p>S&#8217;han dut a terme dues proves per la costa catalana, de 180 i 63 milles n\u00e0utiques respectivament, i la regularitat \u00e9s la que ha manat fins a l&#8217;\u00faltima milla de campionat.<\/p>\n<p>&nbsp;<\/p>\n<p>Al Grup B, l&#8217;embarcaci\u00f3 Cometa de Llu\u00eds Blanchar i Pablo Calbet\u00f3 s&#8217;ha al\u00e7at amb l&#8217;Or a la Classe Corinthian , despr\u00e9s de parcials de 3r i 4t, i amb el subcampionat del m\u00f3n al Grup B d&#8217;ORC.<\/p>\n<p>&nbsp;<\/p>\n<p>El Hydra de l&#8217;\u00d2scar Chaves (soci honor\u00edfic del Bal\u00eds i pentacampi\u00f3 de la Copa del Rei), ha aconseguit un 4t lloc final al Grup A despr\u00e9s d&#8217;uns parcials de 12\u00e9 i 1r. L&#8217;Ast\u00e9rix de Guillermo D\u00edaz ha aconseguit tamb\u00e9 un meritori 4t lloc al Grup C, despr\u00e9s d&#8217;uns parcials de 5\u00e8 i 6\u00e8.<\/p>\n<p>&nbsp;<\/p>\n<p><em>&#8220;Encara que portem prou temps preparant-nos per a aquest campionat, no ens esper\u00e0vem aquest excel\u00b7lent resultat, en el qual les condicions no han estat les m\u00e9s favorables per al nostre Cometa. Estem molt contents&#8221;<\/em>, declara Llu\u00eds Blanchar, patr\u00f3 del Cometa.<\/p>\n<p>&nbsp;<\/p>\n<p>Des del Club, ens omple d&#8217;orgull poder celebrar els excel\u00b7lents resultats obtinguts pels nostres campions, i volem felicitar a tots els navegants participants.<\/p>\n<p>&nbsp;<\/p>\n<p>Seguim!<\/p>\n<div id='gallery-1' class='gallery galleryid-47171 gallery-columns-3 gallery-size-large'><figure class='gallery-item'>\n\t\t\t<div class='gallery-icon landscape'>\n\t\t\t\t<a href='https:\/\/www.cnelbalis.com\/ca\/whatsapp-image-2023-09-16-at-08-51-33-2\/'><img loading=\"lazy\" decoding=\"async\" width=\"1024\" height=\"683\" src=\"https:\/\/www.cnelbalis.com\/wp-content\/uploads\/2023\/09\/WhatsApp-Image-2023-09-16-at-08.51.33-1024x683.jpeg\" class=\"attachment-large size-large\" alt=\"\" srcset=\"https:\/\/www.cnelbalis.com\/wp-content\/uploads\/2023\/09\/WhatsApp-Image-2023-09-16-at-08.51.33-1024x683.jpeg 1024w, https:\/\/www.cnelbalis.com\/wp-content\/uploads\/2023\/09\/WhatsApp-Image-2023-09-16-at-08.51.33-300x200.jpeg 300w, https:\/\/www.cnelbalis.com\/wp-content\/uploads\/2023\/09\/WhatsApp-Image-2023-09-16-at-08.51.33-768x512.jpeg 768w, https:\/\/www.cnelbalis.com\/wp-content\/uploads\/2023\/09\/WhatsApp-Image-2023-09-16-at-08.51.33-1536x1024.jpeg 1536w, https:\/\/www.cnelbalis.com\/wp-content\/uploads\/2023\/09\/WhatsApp-Image-2023-09-16-at-08.51.33-1500x1000.jpeg 1500w, https:\/\/www.cnelbalis.com\/wp-content\/uploads\/2023\/09\/WhatsApp-Image-2023-09-16-at-08.51.33.jpeg 2048w\" sizes=\"auto, (max-width: 1024px) 100vw, 1024px\" \/><\/a>\n\t\t\t<\/div><\/figure><figure class='gallery-item'>\n\t\t\t<div class='gallery-icon landscape'>\n\t\t\t\t<a href='https:\/\/www.cnelbalis.com\/ca\/whatsapp-image-2023-09-16-at-09-19-44-2\/'><img loading=\"lazy\" decoding=\"async\" width=\"1024\" height=\"683\" src=\"https:\/\/www.cnelbalis.com\/wp-content\/uploads\/2023\/09\/WhatsApp-Image-2023-09-16-at-09.19.44-1024x683.jpeg\" class=\"attachment-large size-large\" alt=\"\" srcset=\"https:\/\/www.cnelbalis.com\/wp-content\/uploads\/2023\/09\/WhatsApp-Image-2023-09-16-at-09.19.44-1024x683.jpeg 1024w, https:\/\/www.cnelbalis.com\/wp-content\/uploads\/2023\/09\/WhatsApp-Image-2023-09-16-at-09.19.44-300x200.jpeg 300w, https:\/\/www.cnelbalis.com\/wp-content\/uploads\/2023\/09\/WhatsApp-Image-2023-09-16-at-09.19.44-768x512.jpeg 768w, https:\/\/www.cnelbalis.com\/wp-content\/uploads\/2023\/09\/WhatsApp-Image-2023-09-16-at-09.19.44-1536x1024.jpeg 1536w, https:\/\/www.cnelbalis.com\/wp-content\/uploads\/2023\/09\/WhatsApp-Image-2023-09-16-at-09.19.44-1500x1000.jpeg 1500w, https:\/\/www.cnelbalis.com\/wp-content\/uploads\/2023\/09\/WhatsApp-Image-2023-09-16-at-09.19.44.jpeg 2048w\" sizes=\"auto, (max-width: 1024px) 100vw, 1024px\" \/><\/a>\n\t\t\t<\/div><\/figure><figure class='gallery-item'>\n\t\t\t<div class='gallery-icon landscape'>\n\t\t\t\t<a href='https:\/\/www.cnelbalis.com\/ca\/lhydra-i-el-cometa-del-club-nautic-el-balis-deixant-marca-al-campionat-mundial-de-creuer-a-dos-orc\/img-20230928-wa0000-3\/'><img loading=\"lazy\" decoding=\"async\" width=\"1024\" height=\"682\" src=\"https:\/\/www.cnelbalis.com\/wp-content\/uploads\/2023\/09\/IMG-20230928-WA0000-2-1024x682.jpg\" class=\"attachment-large size-large\" alt=\"\" srcset=\"https:\/\/www.cnelbalis.com\/wp-content\/uploads\/2023\/09\/IMG-20230928-WA0000-2-1024x682.jpg 1024w, https:\/\/www.cnelbalis.com\/wp-content\/uploads\/2023\/09\/IMG-20230928-WA0000-2-300x200.jpg 300w, https:\/\/www.cnelbalis.com\/wp-content\/uploads\/2023\/09\/IMG-20230928-WA0000-2-768x512.jpg 768w, https:\/\/www.cnelbalis.com\/wp-content\/uploads\/2023\/09\/IMG-20230928-WA0000-2-1536x1023.jpg 1536w, https:\/\/www.cnelbalis.com\/wp-content\/uploads\/2023\/09\/IMG-20230928-WA0000-2-1500x1000.jpg 1500w, https:\/\/www.cnelbalis.com\/wp-content\/uploads\/2023\/09\/IMG-20230928-WA0000-2.jpg 1600w\" sizes=\"auto, (max-width: 1024px) 100vw, 1024px\" \/><\/a>\n\t\t\t<\/div><\/figure><figure class='gallery-item'>\n\t\t\t<div class='gallery-icon landscape'>\n\t\t\t\t<a href='https:\/\/www.cnelbalis.com\/ca\/whatsapp-image-2023-09-16-at-08-51-32-1-2\/'><img loading=\"lazy\" decoding=\"async\" width=\"1024\" height=\"683\" src=\"https:\/\/www.cnelbalis.com\/wp-content\/uploads\/2023\/09\/WhatsApp-Image-2023-09-16-at-08.51.32-1-1024x683.jpeg\" class=\"attachment-large size-large\" alt=\"\" srcset=\"https:\/\/www.cnelbalis.com\/wp-content\/uploads\/2023\/09\/WhatsApp-Image-2023-09-16-at-08.51.32-1-1024x683.jpeg 1024w, https:\/\/www.cnelbalis.com\/wp-content\/uploads\/2023\/09\/WhatsApp-Image-2023-09-16-at-08.51.32-1-300x200.jpeg 300w, https:\/\/www.cnelbalis.com\/wp-content\/uploads\/2023\/09\/WhatsApp-Image-2023-09-16-at-08.51.32-1-768x512.jpeg 768w, https:\/\/www.cnelbalis.com\/wp-content\/uploads\/2023\/09\/WhatsApp-Image-2023-09-16-at-08.51.32-1-1536x1024.jpeg 1536w, https:\/\/www.cnelbalis.com\/wp-content\/uploads\/2023\/09\/WhatsApp-Image-2023-09-16-at-08.51.32-1-1500x1000.jpeg 1500w, https:\/\/www.cnelbalis.com\/wp-content\/uploads\/2023\/09\/WhatsApp-Image-2023-09-16-at-08.51.32-1.jpeg 2048w\" sizes=\"auto, (max-width: 1024px) 100vw, 1024px\" \/><\/a>\n\t\t\t<\/div><\/figure><figure class='gallery-item'>\n\t\t\t<div class='gallery-icon landscape'>\n\t\t\t\t<a href='https:\/\/www.cnelbalis.com\/ca\/whatsapp-image-2023-09-16-at-09-19-38-3-2\/'><img loading=\"lazy\" decoding=\"async\" width=\"1024\" height=\"768\" src=\"https:\/\/www.cnelbalis.com\/wp-content\/uploads\/2023\/09\/WhatsApp-Image-2023-09-16-at-09.19.38-3-1024x768.jpeg\" class=\"attachment-large size-large\" alt=\"\" srcset=\"https:\/\/www.cnelbalis.com\/wp-content\/uploads\/2023\/09\/WhatsApp-Image-2023-09-16-at-09.19.38-3-1024x768.jpeg 1024w, https:\/\/www.cnelbalis.com\/wp-content\/uploads\/2023\/09\/WhatsApp-Image-2023-09-16-at-09.19.38-3-300x225.jpeg 300w, https:\/\/www.cnelbalis.com\/wp-content\/uploads\/2023\/09\/WhatsApp-Image-2023-09-16-at-09.19.38-3-768x576.jpeg 768w, https:\/\/www.cnelbalis.com\/wp-content\/uploads\/2023\/09\/WhatsApp-Image-2023-09-16-at-09.19.38-3-1536x1152.jpeg 1536w, https:\/\/www.cnelbalis.com\/wp-content\/uploads\/2023\/09\/WhatsApp-Image-2023-09-16-at-09.19.38-3.jpeg 1600w\" sizes=\"auto, (max-width: 1024px) 100vw, 1024px\" \/><\/a>\n\t\t\t<\/div><\/figure><figure class='gallery-item'>\n\t\t\t<div class='gallery-icon landscape'>\n\t\t\t\t<a href='https:\/\/www.cnelbalis.com\/ca\/lhydra-i-el-cometa-del-club-nautic-el-balis-deixant-marca-al-campionat-mundial-de-creuer-a-dos-orc\/img-20230928-wa0001-3\/'><img loading=\"lazy\" decoding=\"async\" width=\"1024\" height=\"730\" src=\"https:\/\/www.cnelbalis.com\/wp-content\/uploads\/2023\/09\/IMG-20230928-WA0001-2-e1695904315948-1024x730.jpg\" class=\"attachment-large size-large\" alt=\"\" srcset=\"https:\/\/www.cnelbalis.com\/wp-content\/uploads\/2023\/09\/IMG-20230928-WA0001-2-e1695904315948-1024x730.jpg 1024w, https:\/\/www.cnelbalis.com\/wp-content\/uploads\/2023\/09\/IMG-20230928-WA0001-2-e1695904315948-300x214.jpg 300w, https:\/\/www.cnelbalis.com\/wp-content\/uploads\/2023\/09\/IMG-20230928-WA0001-2-e1695904315948-768x547.jpg 768w, https:\/\/www.cnelbalis.com\/wp-content\/uploads\/2023\/09\/IMG-20230928-WA0001-2-e1695904315948-700x500.jpg 700w, https:\/\/www.cnelbalis.com\/wp-content\/uploads\/2023\/09\/IMG-20230928-WA0001-2-e1695904315948.jpg 1532w\" sizes=\"auto, (max-width: 1024px) 100vw, 1024px\" \/><\/a>\n\t\t\t<\/div><\/figure>\n\t\t<\/div>\n\n","protected":false},"excerpt":{"rendered":"<p>&nbsp; La dupla de Llu\u00eds Blanchar i Pablo Calbet\u00f3 s&#8217;ha classificat com a subcampiona del m\u00f3n en el Grup B, mentre que la dupla encap\u00e7alada pel navegant \u00d3scar Chaves ha aconseguit un 4t lloc en el Grup A i la dupla de Guillermo D\u00edaz tamb\u00e9 ha aconseguit un 4t lloc en el Grup C \u00a0 [&hellip;]<\/p>\n","protected":false},"author":6,"featured_media":47139,"comment_status":"closed","ping_status":"closed","sticky":false,"template":"","format":"standard","meta":{"footnotes":""},"categories":[782,8,788],"tags":[],"class_list":["post-47171","post","type-post","status-publish","format-standard","has-post-thumbnail","hentry","category-esport","category-noticies","category-vela-ca"],"acf":[],"_links":{"self":[{"href":"https:\/\/www.cnelbalis.com\/ca\/wp-json\/wp\/v2\/posts\/47171","targetHints":{"allow":["GET"]}}],"collection":[{"href":"https:\/\/www.cnelbalis.com\/ca\/wp-json\/wp\/v2\/posts"}],"about":[{"href":"https:\/\/www.cnelbalis.com\/ca\/wp-json\/wp\/v2\/types\/post"}],"author":[{"embeddable":true,"href":"https:\/\/www.cnelbalis.com\/ca\/wp-json\/wp\/v2\/users\/6"}],"replies":[{"embeddable":true,"href":"https:\/\/www.cnelbalis.com\/ca\/wp-json\/wp\/v2\/comments?post=47171"}],"version-history":[{"count":5,"href":"https:\/\/www.cnelbalis.com\/ca\/wp-json\/wp\/v2\/posts\/47171\/revisions"}],"predecessor-version":[{"id":47234,"href":"https:\/\/www.cnelbalis.com\/ca\/wp-json\/wp\/v2\/posts\/47171\/revisions\/47234"}],"wp:featuredmedia":[{"embeddable":true,"href":"https:\/\/www.cnelbalis.com\/ca\/wp-json\/wp\/v2\/media\/47139"}],"wp:attachment":[{"href":"https:\/\/www.cnelbalis.com\/ca\/wp-json\/wp\/v2\/media?parent=47171"}],"wp:term":[{"taxonomy":"category","embeddable":true,"href":"https:\/\/www.cnelbalis.com\/ca\/wp-json\/wp\/v2\/categories?post=47171"},{"taxonomy":"post_tag","embeddable":true,"href":"https:\/\/www.cnelbalis.com\/ca\/wp-json\/wp\/v2\/tags?post=47171"}],"curies":[{"name":"wp","href":"https:\/\/api.w.org\/{rel}","templated":true}]}}