{"id":47105,"date":"2023-09-12T17:59:19","date_gmt":"2023-09-12T15:59:19","guid":{"rendered":"https:\/\/www.cnelbalis.com\/?p=47105"},"modified":"2023-09-12T17:59:19","modified_gmt":"2023-09-12T15:59:19","slug":"orgull-de-club-enhorabona-campions","status":"publish","type":"post","link":"https:\/\/www.cnelbalis.com\/ca\/orgull-de-club-enhorabona-campions\/","title":{"rendered":"ORGULL DE CLUB, ENHORABONA CAMPIONS!"},"content":{"rendered":"<p><img loading=\"lazy\" decoding=\"async\" class=\"aligncenter size-full wp-image-47087\" src=\"https:\/\/www.cnelbalis.com\/wp-content\/uploads\/2023\/09\/esportiu-maresme-setembre-2023-17.jpg\" alt=\"\" width=\"900\" height=\"600\" srcset=\"https:\/\/www.cnelbalis.com\/wp-content\/uploads\/2023\/09\/esportiu-maresme-setembre-2023-17.jpg 900w, https:\/\/www.cnelbalis.com\/wp-content\/uploads\/2023\/09\/esportiu-maresme-setembre-2023-17-300x200.jpg 300w, https:\/\/www.cnelbalis.com\/wp-content\/uploads\/2023\/09\/esportiu-maresme-setembre-2023-17-768x512.jpg 768w\" sizes=\"auto, (max-width: 900px) 100vw, 900px\" \/><\/p>\n<p style=\"text-align: center;\"><span style=\"font-weight: 400;\">Dos regatistes del CN El Bal\u00eds, campions del m\u00f3n de 420<\/span><\/p>\n<p style=\"text-align: center;\">\n<p style=\"text-align: center;\"><i><span style=\"font-weight: 400;\">Alejandro &#8216;Tano&#8217; de Maqua i Pol Mateu es van proclamar campions del m\u00f3n de vela de la classe 420 el passat 29 de juliol<\/span><\/i><\/p>\n<p>&nbsp;<\/p>\n<p><span style=\"font-weight: 400;\">El passat 29 de juliol es va celebrar una fita hist\u00f2rica al CN El Bal\u00eds, quan dos joves regatistes del club, Alejandro &#8216;Tano&#8217; de Maqua i Pol Mateu, es van proclamar campions del m\u00f3n de vela de la classe 420 a les aig\u00fces de la badia d&#8217;Alacant. Aquesta vict\u00f2ria va ser particularment impressionant considerant que van aconseguir superar 278 embarcacions de 22 nacionalitats diferents.<\/span><\/p>\n<p>&nbsp;<\/p>\n<p><span style=\"font-weight: 400;\">L&#8217;\u00e8xit d&#8217;aquests dos regatistes \u00e9s extraordinari no sols pel seu triomf en el m\u00f3n de la vela, sin\u00f3 tamb\u00e9 per les seves hist\u00f2ries personals i la seva dedicaci\u00f3 a aquest esport. Tano i Pol comparteixen molts vincles, entre els quals, el seu amor pel Maresme, la regi\u00f3 que els ha vist cr\u00e9ixer.<\/span><\/p>\n<p>&nbsp;<\/p>\n<p><span style=\"font-weight: 400;\">El Tano, nascut el 2004, va tenir el seu primer contacte amb la vela a Arenys de Mar, on va viure fins als 10 anys. Va comen\u00e7ar amb l&#8217;Optimist i, amb el temps aquesta disciplina es va convertir en el seu esport principal. D&#8217;altra banda, el Pol, nascut el 2005, va comen\u00e7ar a practicar la vela amb 7 anys al Club N\u00e0utic El Masnou, apostant per la classe 420 als 15 anys, quan la seva familia es va establir a Alella.<\/span><\/p>\n<p>&nbsp;<\/p>\n<p><span style=\"font-weight: 400;\">La uni\u00f3 d&#8217;ambd\u00f3s talents es va produir al Club N\u00e0utic El Masnou, on es van con\u00e8ixer, i a la temporada 2022 els dos regatistes van fitxar pel CN El Bal\u00eds. La seva traject\u00f2ria \u00e9s sens dubte impressionant, plena de fites notables com el Subcampionat d&#8217;Espanya a 2021. Des de llavors, han estat treballant durament per millorar i arribar al nivell necessari per competir a nivell mundial.<\/span><\/p>\n<p>&nbsp;<\/p>\n<p><span style=\"font-weight: 400;\">La vict\u00f2ria al Mundial de 420 a Alacant \u00e9s fruit de moltes hores de dedicaci\u00f3 i entrenament, aix\u00ed com d&#8217;un comprom\u00eds mutu i una gran compenetraci\u00f3 a l&#8217;aigua. Com ells mateixos afirmen, la bona conviv\u00e8ncia, el comprom\u00eds mutu i la coordinaci\u00f3 s\u00f3n crucials a la regata, que requereix una comunicaci\u00f3 precisa i moviments sincronitzats.<\/span><\/p>\n<p>&nbsp;<\/p>\n<p><span style=\"font-weight: 400;\">\u201cLa bona conviv\u00e8ncia \u00e9s b\u00e0sica\u201d explica el Pol en una <\/span><a href=\"https:\/\/esportiumaresme.cat\/pol-mateu-alejandro-de-maqua-campions-mon-vela-420\/\"><span style=\"font-weight: 400;\">entrevista<\/span><\/a><span style=\"font-weight: 400;\"> concedida al periodista\u00a0 Toni Frieros per Esportiu Maresme \u201cPassem molt temps junts, dins i fora de l\u2019aigua. El nostre esport \u00e9s com un ball, hem d\u2019anar ben coordinats perqu\u00e8 funcioni tot a la perfecci\u00f3\u201d.<\/span><\/p>\n<p>&nbsp;<\/p>\n<p><span style=\"font-weight: 400;\">\u201cConquerir el Mundial de 420 ha estat la culminaci\u00f3 de moltes hores d\u2019entrenaments i d\u2019estar a l\u2019aigua, per\u00f2 sobretot del comprom\u00eds de tots dos, de l\u2019un amb l\u2019altre, de la perseveran\u00e7a, d\u2019estar units a les verdes i a les madures\u201d, afegeix el Tano a <\/span><a href=\"https:\/\/esportiumaresme.cat\/pol-mateu-alejandro-de-maqua-campions-mon-vela-420\/\"><span style=\"font-weight: 400;\">la mateixa entrevista<\/span><\/a><span style=\"font-weight: 400;\">.<\/span><\/p>\n<p>&nbsp;<\/p>\n<p><span style=\"font-weight: 400;\">Tot i aix\u00ed, el m\u00f3n de la navegaci\u00f3 no sempre ofereix un cam\u00ed f\u00e0cil i, fins ara, fora de patrocinadors puntuals, han hagut de dependre majorit\u00e0riament de l&#8217;ajuda econ\u00f2mica de les seves fam\u00edlies i el club per desenvolupar la seva carrera esportiva. Malgrat aquesta dificultat, la seva passi\u00f3 i dedicaci\u00f3 perseveren.<\/span><\/p>\n<p>&nbsp;<\/p>\n<p><span style=\"font-weight: 400;\">De cara al futur, el seu objectiu immediat \u00e9s revalidar el t\u00edtol mundial al Brasil el gener vinent, una fita que es proposen amb gran determinaci\u00f3. A llarg termini, es plantegen explorar noves oportunitats navegant a It\u00e0lia i Fran\u00e7a per guanyar m\u00e9s experi\u00e8ncia internacional. Acad\u00e8micament, la parella prev\u00e9 seguir amb els seus estudis universitaris. El Pol comen\u00e7ar\u00e0 Enginyeria Industrial Aplicada a l&#8217;Economia i el Tano estudiar\u00e0 International Business Economics.<\/span><\/p>\n<p>&nbsp;<\/p>\n<p><span style=\"font-weight: 400;\">Els dos joves navegants d\u2019El Bal\u00eds han demostrat que, amb determinaci\u00f3, esfor\u00e7 i passi\u00f3, es poden assolir fites inimaginables. Amb un futur prometedor i moltes oportunitats per explorar, estem segurs que seguirem veient molts m\u00e9s \u00e8xits en el m\u00f3n de la vela a mans d\u2019aquesta parella. Orgull de club!<\/span><\/p>\n<p>&nbsp;<\/p>\n<p><span style=\"font-weight: 400;\">Enhorabona, campions!<\/span><\/p>\n<p><img loading=\"lazy\" decoding=\"async\" class=\"aligncenter size-full wp-image-47091\" src=\"https:\/\/www.cnelbalis.com\/wp-content\/uploads\/2023\/09\/esportiu-maresme-setembre-2023-5.jpg\" alt=\"\" width=\"900\" height=\"600\" srcset=\"https:\/\/www.cnelbalis.com\/wp-content\/uploads\/2023\/09\/esportiu-maresme-setembre-2023-5.jpg 900w, https:\/\/www.cnelbalis.com\/wp-content\/uploads\/2023\/09\/esportiu-maresme-setembre-2023-5-300x200.jpg 300w, https:\/\/www.cnelbalis.com\/wp-content\/uploads\/2023\/09\/esportiu-maresme-setembre-2023-5-768x512.jpg 768w\" sizes=\"auto, (max-width: 900px) 100vw, 900px\" \/><\/p>\n","protected":false},"excerpt":{"rendered":"<p>Dos regatistes del CN El Bal\u00eds, campions del m\u00f3n de 420 Alejandro &#8216;Tano&#8217; de Maqua i Pol Mateu es van proclamar campions del m\u00f3n de vela de la classe 420 el passat 29 de juliol &nbsp; El passat 29 de juliol es va celebrar una fita hist\u00f2rica al CN El Bal\u00eds, quan dos joves regatistes [&hellip;]<\/p>\n","protected":false},"author":6,"featured_media":47096,"comment_status":"closed","ping_status":"closed","sticky":false,"template":"","format":"standard","meta":{"footnotes":""},"categories":[783,782,8,788],"tags":[],"class_list":["post-47105","post","type-post","status-publish","format-standard","has-post-thumbnail","hentry","category-escola","category-esport","category-noticies","category-vela-ca"],"acf":[],"_links":{"self":[{"href":"https:\/\/www.cnelbalis.com\/ca\/wp-json\/wp\/v2\/posts\/47105","targetHints":{"allow":["GET"]}}],"collection":[{"href":"https:\/\/www.cnelbalis.com\/ca\/wp-json\/wp\/v2\/posts"}],"about":[{"href":"https:\/\/www.cnelbalis.com\/ca\/wp-json\/wp\/v2\/types\/post"}],"author":[{"embeddable":true,"href":"https:\/\/www.cnelbalis.com\/ca\/wp-json\/wp\/v2\/users\/6"}],"replies":[{"embeddable":true,"href":"https:\/\/www.cnelbalis.com\/ca\/wp-json\/wp\/v2\/comments?post=47105"}],"version-history":[{"count":2,"href":"https:\/\/www.cnelbalis.com\/ca\/wp-json\/wp\/v2\/posts\/47105\/revisions"}],"predecessor-version":[{"id":47107,"href":"https:\/\/www.cnelbalis.com\/ca\/wp-json\/wp\/v2\/posts\/47105\/revisions\/47107"}],"wp:featuredmedia":[{"embeddable":true,"href":"https:\/\/www.cnelbalis.com\/ca\/wp-json\/wp\/v2\/media\/47096"}],"wp:attachment":[{"href":"https:\/\/www.cnelbalis.com\/ca\/wp-json\/wp\/v2\/media?parent=47105"}],"wp:term":[{"taxonomy":"category","embeddable":true,"href":"https:\/\/www.cnelbalis.com\/ca\/wp-json\/wp\/v2\/categories?post=47105"},{"taxonomy":"post_tag","embeddable":true,"href":"https:\/\/www.cnelbalis.com\/ca\/wp-json\/wp\/v2\/tags?post=47105"}],"curies":[{"name":"wp","href":"https:\/\/api.w.org\/{rel}","templated":true}]}}