{"id":46803,"date":"2023-08-18T17:22:56","date_gmt":"2023-08-18T15:22:56","guid":{"rendered":"https:\/\/www.cnelbalis.com\/?p=46803"},"modified":"2023-08-18T17:22:56","modified_gmt":"2023-08-18T15:22:56","slug":"festa-infantil-espectacle-show-kids","status":"publish","type":"post","link":"https:\/\/www.cnelbalis.com\/ca\/festa-infantil-espectacle-show-kids\/","title":{"rendered":"FESTA INFANTIL &#8211; ESPECTACLE SHOW KIDS"},"content":{"rendered":"<p><img loading=\"lazy\" decoding=\"async\" class=\"aligncenter wp-image-46794 \" src=\"https:\/\/www.cnelbalis.com\/wp-content\/uploads\/2023\/08\/CARTEL-FIESTA-INFANTIL-AGOSTO-2023.pdf-e1692371126742.png\" alt=\"\" width=\"804\" height=\"700\" \/><\/p>\n<p>&nbsp;<\/p>\n<p>? Vine a la Festa Infantil el 19 d&#8217;agost! ?<\/p>\n<p>Et convidem a passar una tarda inoblidable amb els m\u00e9s petits en el nostre esdeveniment especial: Show Kids. Marca&#8217;t la data: dissabte 19 d&#8217;agost a les 18:00.<\/p>\n<p>? Prepara&#8217;t per a un espectacle ple de m\u00fasica i diversi\u00f3, on els personatges m\u00e9s estimats prendran vida al nostre escenari. Amb la pres\u00e8ncia de Mic, Marshall de la Patrulla Canina i el dol\u00e7 Pluto, els somriures i les rialles estan garantits!<\/p>\n<p>? L&#8217;esdeveniment inclou berenar perqu\u00e8 els nens estiguin carregats d&#8217;energia i, per si aix\u00f2 no fos suficient, tamb\u00e9 tenim obsequis especials per a tots els petits participants.<\/p>\n<p>?\ufe0f Compra el teu tiquet ara a la web de esports del Bal\u00eds o clicant a:<\/p>\n<p><a href=\"https:\/\/esports.cnelbalis.com\/festa-infantil?search=festa%20infantil\">COMPRA D&#8217;ENTRADAS<\/a><\/p>\n<p>No et perdis aquesta oportunitat de ser part d&#8217;una festa plena de sorpreses i diversi\u00f3.<\/p>\n<p>Ens veiem el dissabte!<\/p>\n","protected":false},"excerpt":{"rendered":"<p>&nbsp; ? Vine a la Festa Infantil el 19 d&#8217;agost! ? Et convidem a passar una tarda inoblidable amb els m\u00e9s petits en el nostre esdeveniment especial: Show Kids. Marca&#8217;t la data: dissabte 19 d&#8217;agost a les 18:00. ? Prepara&#8217;t per a un espectacle ple de m\u00fasica i diversi\u00f3, on els personatges m\u00e9s estimats prendran [&hellip;]<\/p>\n","protected":false},"author":6,"featured_media":46794,"comment_status":"closed","ping_status":"closed","sticky":false,"template":"","format":"standard","meta":{"footnotes":""},"categories":[2653,8,787],"tags":[],"class_list":["post-46803","post","type-post","status-publish","format-standard","has-post-thumbnail","hentry","category-activitats","category-noticies","category-social-ca"],"acf":[],"_links":{"self":[{"href":"https:\/\/www.cnelbalis.com\/ca\/wp-json\/wp\/v2\/posts\/46803","targetHints":{"allow":["GET"]}}],"collection":[{"href":"https:\/\/www.cnelbalis.com\/ca\/wp-json\/wp\/v2\/posts"}],"about":[{"href":"https:\/\/www.cnelbalis.com\/ca\/wp-json\/wp\/v2\/types\/post"}],"author":[{"embeddable":true,"href":"https:\/\/www.cnelbalis.com\/ca\/wp-json\/wp\/v2\/users\/6"}],"replies":[{"embeddable":true,"href":"https:\/\/www.cnelbalis.com\/ca\/wp-json\/wp\/v2\/comments?post=46803"}],"version-history":[{"count":4,"href":"https:\/\/www.cnelbalis.com\/ca\/wp-json\/wp\/v2\/posts\/46803\/revisions"}],"predecessor-version":[{"id":46807,"href":"https:\/\/www.cnelbalis.com\/ca\/wp-json\/wp\/v2\/posts\/46803\/revisions\/46807"}],"wp:featuredmedia":[{"embeddable":true,"href":"https:\/\/www.cnelbalis.com\/ca\/wp-json\/wp\/v2\/media\/46794"}],"wp:attachment":[{"href":"https:\/\/www.cnelbalis.com\/ca\/wp-json\/wp\/v2\/media?parent=46803"}],"wp:term":[{"taxonomy":"category","embeddable":true,"href":"https:\/\/www.cnelbalis.com\/ca\/wp-json\/wp\/v2\/categories?post=46803"},{"taxonomy":"post_tag","embeddable":true,"href":"https:\/\/www.cnelbalis.com\/ca\/wp-json\/wp\/v2\/tags?post=46803"}],"curies":[{"name":"wp","href":"https:\/\/api.w.org\/{rel}","templated":true}]}}