{"id":46626,"date":"2023-07-22T08:43:32","date_gmt":"2023-07-22T06:43:32","guid":{"rendered":"https:\/\/www.cnelbalis.com\/?p=46626"},"modified":"2023-07-22T08:43:32","modified_gmt":"2023-07-22T06:43:32","slug":"exit-de-la-festa-solidaria-porfinviernes","status":"publish","type":"post","link":"https:\/\/www.cnelbalis.com\/ca\/exit-de-la-festa-solidaria-porfinviernes\/","title":{"rendered":"EXIT DE LA FESTA SOLIDARIA PORFINVIERNES"},"content":{"rendered":"<p><img loading=\"lazy\" decoding=\"async\" class=\"aligncenter size-full wp-image-46627\" src=\"https:\/\/www.cnelbalis.com\/wp-content\/uploads\/2023\/07\/53052510869_67eaffe307_o.jpg\" alt=\"\" width=\"1300\" height=\"867\" srcset=\"https:\/\/www.cnelbalis.com\/wp-content\/uploads\/2023\/07\/53052510869_67eaffe307_o.jpg 1300w, https:\/\/www.cnelbalis.com\/wp-content\/uploads\/2023\/07\/53052510869_67eaffe307_o-300x200.jpg 300w, https:\/\/www.cnelbalis.com\/wp-content\/uploads\/2023\/07\/53052510869_67eaffe307_o-1024x683.jpg 1024w, https:\/\/www.cnelbalis.com\/wp-content\/uploads\/2023\/07\/53052510869_67eaffe307_o-768x512.jpg 768w\" sizes=\"auto, (max-width: 1300px) 100vw, 1300px\" \/><\/p>\n<p>&nbsp;<\/p>\n<p>El passat divendres 14 de juliol es va celebrar el sopar solidari <em>Porfinviernes.<\/em> Uns 300 socis i amics van gaudir d\u00b4un magn\u00edfic sopar a la platja del Club amb el posterior concert del grup de m\u00fasica solid\u00e0ria Porfinviernes, que van fer ballar a tothom a ritme de grans cl\u00e0ssics del rock.<\/p>\n<p>&nbsp;<\/p>\n<p>El sopar pretenia recaptar fons per a dues entitats ben\u00e8fiques: HH Franciscanos de la Cruz Blanca i Caritas de Llavaneres. No nom\u00e9s els assistents al sopar van mostrar la seva solidaritat. Els col\u00b7laboradors habituals van contribuir als bons resultats i a l\u00b4\u00e8xit que contribuir\u00e0 a dos grans projectes que busquen el millor per a la nostra societat.<\/p>\n<p>&nbsp;<\/p>\n<p>En total <strong>es van recaptar 2.790 \u20ac,<\/strong> dels quals 929,91 \u20ac aniran destinats a HH Franciscanos de Cruz Blanca i 1.860,09 \u20ac per C\u00e0ritas Llavaneres.<\/p>\n<p>&nbsp;<\/p>\n<p>Volem donar les gr\u00e0cies als socis del Club i us hi esperem l\u00b4any vinent\u00a0 !!!<\/p>\n","protected":false},"excerpt":{"rendered":"<p>&nbsp; El passat divendres 14 de juliol es va celebrar el sopar solidari Porfinviernes. Uns 300 socis i amics van gaudir d\u00b4un magn\u00edfic sopar a la platja del Club amb el posterior concert del grup de m\u00fasica solid\u00e0ria Porfinviernes, que van fer ballar a tothom a ritme de grans cl\u00e0ssics del rock. &nbsp; El sopar [&hellip;]<\/p>\n","protected":false},"author":6,"featured_media":46627,"comment_status":"closed","ping_status":"closed","sticky":false,"template":"","format":"standard","meta":{"footnotes":""},"categories":[2653,8,2705,787],"tags":[],"class_list":["post-46626","post","type-post","status-publish","format-standard","has-post-thumbnail","hentry","category-activitats","category-noticies","category-rsc-2","category-social-ca"],"acf":[],"_links":{"self":[{"href":"https:\/\/www.cnelbalis.com\/ca\/wp-json\/wp\/v2\/posts\/46626","targetHints":{"allow":["GET"]}}],"collection":[{"href":"https:\/\/www.cnelbalis.com\/ca\/wp-json\/wp\/v2\/posts"}],"about":[{"href":"https:\/\/www.cnelbalis.com\/ca\/wp-json\/wp\/v2\/types\/post"}],"author":[{"embeddable":true,"href":"https:\/\/www.cnelbalis.com\/ca\/wp-json\/wp\/v2\/users\/6"}],"replies":[{"embeddable":true,"href":"https:\/\/www.cnelbalis.com\/ca\/wp-json\/wp\/v2\/comments?post=46626"}],"version-history":[{"count":2,"href":"https:\/\/www.cnelbalis.com\/ca\/wp-json\/wp\/v2\/posts\/46626\/revisions"}],"predecessor-version":[{"id":46632,"href":"https:\/\/www.cnelbalis.com\/ca\/wp-json\/wp\/v2\/posts\/46626\/revisions\/46632"}],"wp:featuredmedia":[{"embeddable":true,"href":"https:\/\/www.cnelbalis.com\/ca\/wp-json\/wp\/v2\/media\/46627"}],"wp:attachment":[{"href":"https:\/\/www.cnelbalis.com\/ca\/wp-json\/wp\/v2\/media?parent=46626"}],"wp:term":[{"taxonomy":"category","embeddable":true,"href":"https:\/\/www.cnelbalis.com\/ca\/wp-json\/wp\/v2\/categories?post=46626"},{"taxonomy":"post_tag","embeddable":true,"href":"https:\/\/www.cnelbalis.com\/ca\/wp-json\/wp\/v2\/tags?post=46626"}],"curies":[{"name":"wp","href":"https:\/\/api.w.org\/{rel}","templated":true}]}}