{"id":46452,"date":"2023-07-03T15:00:49","date_gmt":"2023-07-03T13:00:49","guid":{"rendered":"https:\/\/www.cnelbalis.com\/?p=46452"},"modified":"2023-07-03T15:00:49","modified_gmt":"2023-07-03T13:00:49","slug":"jornada-de-medi-ambient-amb-la-fundacio-ecomar","status":"publish","type":"post","link":"https:\/\/www.cnelbalis.com\/ca\/jornada-de-medi-ambient-amb-la-fundacio-ecomar\/","title":{"rendered":"JORNADA DE MEDI AMBIENT AMB LA FUNDACIO ECOMAR"},"content":{"rendered":"<p>&nbsp;<\/p>\n<p><img loading=\"lazy\" decoding=\"async\" class=\"aligncenter size-full wp-image-46457\" src=\"https:\/\/www.cnelbalis.com\/wp-content\/uploads\/2023\/07\/Diseno-sin-titulo-77-e1688388493527.png\" alt=\"\" width=\"675\" height=\"330\" srcset=\"https:\/\/www.cnelbalis.com\/wp-content\/uploads\/2023\/07\/Diseno-sin-titulo-77-e1688388493527.png 675w, https:\/\/www.cnelbalis.com\/wp-content\/uploads\/2023\/07\/Diseno-sin-titulo-77-e1688388493527-300x147.png 300w\" sizes=\"auto, (max-width: 675px) 100vw, 675px\" \/><\/p>\n<p>&nbsp;<\/p>\n<p>Aquest <strong>dissabte 8 de juliol<\/strong> tindrem a les nostres instal\u00b7lacions la Fundaci\u00f3 ECOMAR que ens explicar\u00e0 els valors del seu projecte i posteriorment es realitzar\u00e0 una recollida de residus a la platja del Bal\u00eds.<\/p>\n<p>Es repartiran samarretes, begudes i cremes solars a tots els participants.<\/p>\n<p>Per a poder participar a l\u2019esdeveniment, es te que realitzar la inscripci\u00f3 clicant al seg\u00fcent enlla\u00e7 <strong>\u21d3<\/strong><\/p>\n<p><span style=\"color: #0000ff;\"><a style=\"color: #0000ff;\" title=\"INVITACIO ECOMAR\" href=\"https:\/\/fundacionecomar.org\/invitacion-limpieza-de-costas-mares-circulares-barcelona-08-07-2023\/\">INVITACIO ECOMAR <\/a><\/span><\/p>\n<p>L&#8217;horari de la jornada ser\u00e0 de 10:00h a 14:00h.<\/p>\n<p>Des del CN El Bal\u00eds estem molt conscienciats en la cura del medi ambient i es per aix\u00f2 que col\u00b7laborem amb ECOMAR amb la compra dels quaderns bit\u00e0cora per a l&#8217;aprenentatge dels m\u00e9s petits de la casa.<\/p>\n","protected":false},"excerpt":{"rendered":"<p>&nbsp; &nbsp; Aquest dissabte 8 de juliol tindrem a les nostres instal\u00b7lacions la Fundaci\u00f3 ECOMAR que ens explicar\u00e0 els valors del seu projecte i posteriorment es realitzar\u00e0 una recollida de residus a la platja del Bal\u00eds. Es repartiran samarretes, begudes i cremes solars a tots els participants. Per a poder participar a l\u2019esdeveniment, es te [&hellip;]<\/p>\n","protected":false},"author":6,"featured_media":46453,"comment_status":"closed","ping_status":"closed","sticky":false,"template":"","format":"standard","meta":{"footnotes":""},"categories":[8,2705],"tags":[],"class_list":["post-46452","post","type-post","status-publish","format-standard","has-post-thumbnail","hentry","category-noticies","category-rsc-2"],"acf":[],"_links":{"self":[{"href":"https:\/\/www.cnelbalis.com\/ca\/wp-json\/wp\/v2\/posts\/46452","targetHints":{"allow":["GET"]}}],"collection":[{"href":"https:\/\/www.cnelbalis.com\/ca\/wp-json\/wp\/v2\/posts"}],"about":[{"href":"https:\/\/www.cnelbalis.com\/ca\/wp-json\/wp\/v2\/types\/post"}],"author":[{"embeddable":true,"href":"https:\/\/www.cnelbalis.com\/ca\/wp-json\/wp\/v2\/users\/6"}],"replies":[{"embeddable":true,"href":"https:\/\/www.cnelbalis.com\/ca\/wp-json\/wp\/v2\/comments?post=46452"}],"version-history":[{"count":4,"href":"https:\/\/www.cnelbalis.com\/ca\/wp-json\/wp\/v2\/posts\/46452\/revisions"}],"predecessor-version":[{"id":46464,"href":"https:\/\/www.cnelbalis.com\/ca\/wp-json\/wp\/v2\/posts\/46452\/revisions\/46464"}],"wp:featuredmedia":[{"embeddable":true,"href":"https:\/\/www.cnelbalis.com\/ca\/wp-json\/wp\/v2\/media\/46453"}],"wp:attachment":[{"href":"https:\/\/www.cnelbalis.com\/ca\/wp-json\/wp\/v2\/media?parent=46452"}],"wp:term":[{"taxonomy":"category","embeddable":true,"href":"https:\/\/www.cnelbalis.com\/ca\/wp-json\/wp\/v2\/categories?post=46452"},{"taxonomy":"post_tag","embeddable":true,"href":"https:\/\/www.cnelbalis.com\/ca\/wp-json\/wp\/v2\/tags?post=46452"}],"curies":[{"name":"wp","href":"https:\/\/api.w.org\/{rel}","templated":true}]}}