{"id":46389,"date":"2023-06-22T11:52:56","date_gmt":"2023-06-22T09:52:56","guid":{"rendered":"https:\/\/www.cnelbalis.com\/?p=46389"},"modified":"2023-06-22T11:52:56","modified_gmt":"2023-06-22T09:52:56","slug":"arriba-la-xxv-setmana-de-lemprenedoria-al-maresme-amb-capsules-formatives-i-networking","status":"publish","type":"post","link":"https:\/\/www.cnelbalis.com\/ca\/arriba-la-xxv-setmana-de-lemprenedoria-al-maresme-amb-capsules-formatives-i-networking\/","title":{"rendered":"ARRIBA LA XXV SETMANA DE L\u2019EMPRENEDORIA AL MARESME AMB C\u00c0PSULES FORMATIVES I NETWORKING"},"content":{"rendered":"<p><img loading=\"lazy\" decoding=\"async\" class=\"aligncenter size-full wp-image-46383\" src=\"https:\/\/www.cnelbalis.com\/wp-content\/uploads\/2023\/06\/setmana-emprenedoria-banner.png\" alt=\"\" width=\"1024\" height=\"436\" \/><\/p>\n<p>El Bal\u00eds col\u00b7laborem amb el Consell Comarcal del Maresme per la XXV Setmana de l&#8217;Emprenedoria. Aquest any, l&#8217;esdeveniment es realitzar\u00e0 el divendres 30 de juny a les instal\u00b7lacions del Club N\u00e0utic El Bal\u00eds.<\/p>\n<p>Estem molt contents de poder unir-nos a aquesta setmana on podrem gaudir de pon\u00e8ncies de la <a href=\"https:\/\/www.linkedin.com\/company\/73997254\/admin\/\"><strong>Nuria Soler<\/strong><\/a>, en Gabriel Garc\u00eda de Oro i l&#8217;Anna Carbonell .\u00a0A m\u00e9s tindrem Networking entre persones emprenedores i empreses que vulguin fer nous contactes i buscar sinergies.<\/p>\n<p>El programa de divendres 30 de juny ser\u00e0:<\/p>\n<ul>\n<li>9:30h &#8211; 11:30h Pon\u00e8ncies: Experi\u00e8ncies emprenedores\n<ul>\n<li>Anna Carbonell<\/li>\n<li>N\u00faria Soler<\/li>\n<li>Gabriel Garc\u00eda de Oro<\/li>\n<\/ul>\n<\/li>\n<li>12:00h &#8211; 14:00h Networking empresarial<\/li>\n<\/ul>\n<p>Podeu realitzar les inscripcions clicant a:<\/p>\n<p><a href=\"https:\/\/www.ccmaresme.cat\/arriba-la-xxv-setmana-de-lemprenedoria-al-maresme-amb-capsules-formatives-i-networking\/\">Arriba la XXV Setmana de l\u2019Emprenedoria al Maresme amb c\u00e0psules formatives i networking | Consell Comarcal del Maresme (ccmaresme.cat)<\/a><\/p>\n","protected":false},"excerpt":{"rendered":"<p>El Bal\u00eds col\u00b7laborem amb el Consell Comarcal del Maresme per la XXV Setmana de l&#8217;Emprenedoria. Aquest any, l&#8217;esdeveniment es realitzar\u00e0 el divendres 30 de juny a les instal\u00b7lacions del Club N\u00e0utic El Bal\u00eds. Estem molt contents de poder unir-nos a aquesta setmana on podrem gaudir de pon\u00e8ncies de la Nuria Soler, en Gabriel Garc\u00eda de [&hellip;]<\/p>\n","protected":false},"author":6,"featured_media":46383,"comment_status":"closed","ping_status":"closed","sticky":false,"template":"","format":"standard","meta":{"footnotes":""},"categories":[8],"tags":[],"class_list":["post-46389","post","type-post","status-publish","format-standard","has-post-thumbnail","hentry","category-noticies"],"acf":[],"_links":{"self":[{"href":"https:\/\/www.cnelbalis.com\/ca\/wp-json\/wp\/v2\/posts\/46389","targetHints":{"allow":["GET"]}}],"collection":[{"href":"https:\/\/www.cnelbalis.com\/ca\/wp-json\/wp\/v2\/posts"}],"about":[{"href":"https:\/\/www.cnelbalis.com\/ca\/wp-json\/wp\/v2\/types\/post"}],"author":[{"embeddable":true,"href":"https:\/\/www.cnelbalis.com\/ca\/wp-json\/wp\/v2\/users\/6"}],"replies":[{"embeddable":true,"href":"https:\/\/www.cnelbalis.com\/ca\/wp-json\/wp\/v2\/comments?post=46389"}],"version-history":[{"count":2,"href":"https:\/\/www.cnelbalis.com\/ca\/wp-json\/wp\/v2\/posts\/46389\/revisions"}],"predecessor-version":[{"id":46391,"href":"https:\/\/www.cnelbalis.com\/ca\/wp-json\/wp\/v2\/posts\/46389\/revisions\/46391"}],"wp:featuredmedia":[{"embeddable":true,"href":"https:\/\/www.cnelbalis.com\/ca\/wp-json\/wp\/v2\/media\/46383"}],"wp:attachment":[{"href":"https:\/\/www.cnelbalis.com\/ca\/wp-json\/wp\/v2\/media?parent=46389"}],"wp:term":[{"taxonomy":"category","embeddable":true,"href":"https:\/\/www.cnelbalis.com\/ca\/wp-json\/wp\/v2\/categories?post=46389"},{"taxonomy":"post_tag","embeddable":true,"href":"https:\/\/www.cnelbalis.com\/ca\/wp-json\/wp\/v2\/tags?post=46389"}],"curies":[{"name":"wp","href":"https:\/\/api.w.org\/{rel}","templated":true}]}}