{"id":46136,"date":"2023-06-12T15:59:14","date_gmt":"2023-06-12T13:59:14","guid":{"rendered":"https:\/\/www.cnelbalis.com\/?p=46136"},"modified":"2023-06-12T15:59:14","modified_gmt":"2023-06-12T13:59:14","slug":"sots-campions-per-equips-doptimist-de-catalunya","status":"publish","type":"post","link":"https:\/\/www.cnelbalis.com\/ca\/sots-campions-per-equips-doptimist-de-catalunya\/","title":{"rendered":"SOTS-CAMPIONS PER EQUIPS D\u2019OPTIMIST DE CATALUNYA"},"content":{"rendered":"<p><img loading=\"lazy\" decoding=\"async\" class=\"aligncenter size-full wp-image-46137\" src=\"https:\/\/www.cnelbalis.com\/wp-content\/uploads\/2023\/06\/Image.jpeg\" alt=\"\" width=\"1440\" height=\"1029\" srcset=\"https:\/\/www.cnelbalis.com\/wp-content\/uploads\/2023\/06\/Image.jpeg 1440w, https:\/\/www.cnelbalis.com\/wp-content\/uploads\/2023\/06\/Image-300x214.jpeg 300w, https:\/\/www.cnelbalis.com\/wp-content\/uploads\/2023\/06\/Image-1024x732.jpeg 1024w, https:\/\/www.cnelbalis.com\/wp-content\/uploads\/2023\/06\/Image-768x549.jpeg 768w, https:\/\/www.cnelbalis.com\/wp-content\/uploads\/2023\/06\/Image-700x500.jpeg 700w\" sizes=\"auto, (max-width: 1440px) 100vw, 1440px\" \/><\/p>\n<p>Aquest cap de setmana s&#8217;ha celebrat el campionat de Catalunya per equips a Calafell, on el club CN El Bal\u00eds ha participat amb 3 equips molt tops.<\/p>\n<p>Els regatistes han navegat molt b\u00e9, i ens hem quedat a les portes del primer lloc. El sabor \u00e9s semi amarg, per haver-ho tingut tan a prop, navegant molt b\u00e9 tot el cap de setmana i se&#8217;ns ha escapat al final.<\/p>\n<p>Per\u00f2 ser subcampions de Catalunya i tan ajustat \u00e9s un \u00e8xit rotund, tenint en compte que l&#8217;any passat no vam arribar a semifinals.<\/p>\n<p>S&#8217;ha vist l&#8217;excel\u00b7lent treball de la temporada i seguim imparables en el nostre ascens com equip. Una temporada bona, amb moltes hores d&#8217;esfor\u00e7 i treball.<\/p>\n<p>L&#8217;equip al complet ha estat un veritable equip i ara toca continuar treballant per a l&#8217;any que ve!<\/p>\n<p>&nbsp;<\/p>\n<p>Agra\u00efm a l&#8217;organitzaci\u00f3 de l&#8217;Escola de vela de Calafell i la Federaci\u00f3 de Vela de Catalunya per el gran treball que han fet.<\/p>\n<div id='gallery-1' class='gallery galleryid-46136 gallery-columns-2 gallery-size-full'><figure class='gallery-item'>\n\t\t\t<div class='gallery-icon landscape'>\n\t\t\t\t<a href='https:\/\/www.cnelbalis.com\/ca\/sots-campions-per-equips-doptimist-de-catalunya\/image-2\/'><img loading=\"lazy\" decoding=\"async\" width=\"1440\" height=\"1029\" src=\"https:\/\/www.cnelbalis.com\/wp-content\/uploads\/2023\/06\/Image-1.jpeg\" class=\"attachment-full size-full\" alt=\"\" srcset=\"https:\/\/www.cnelbalis.com\/wp-content\/uploads\/2023\/06\/Image-1.jpeg 1440w, https:\/\/www.cnelbalis.com\/wp-content\/uploads\/2023\/06\/Image-1-300x214.jpeg 300w, https:\/\/www.cnelbalis.com\/wp-content\/uploads\/2023\/06\/Image-1-1024x732.jpeg 1024w, https:\/\/www.cnelbalis.com\/wp-content\/uploads\/2023\/06\/Image-1-768x549.jpeg 768w, https:\/\/www.cnelbalis.com\/wp-content\/uploads\/2023\/06\/Image-1-700x500.jpeg 700w\" sizes=\"auto, (max-width: 1440px) 100vw, 1440px\" \/><\/a>\n\t\t\t<\/div><\/figure><figure class='gallery-item'>\n\t\t\t<div class='gallery-icon landscape'>\n\t\t\t\t<a href='https:\/\/www.cnelbalis.com\/ca\/sots-campions-per-equips-doptimist-de-catalunya\/image-3\/'><img loading=\"lazy\" decoding=\"async\" width=\"1440\" height=\"1029\" src=\"https:\/\/www.cnelbalis.com\/wp-content\/uploads\/2023\/06\/Image-2.jpeg\" class=\"attachment-full size-full\" alt=\"\" srcset=\"https:\/\/www.cnelbalis.com\/wp-content\/uploads\/2023\/06\/Image-2.jpeg 1440w, https:\/\/www.cnelbalis.com\/wp-content\/uploads\/2023\/06\/Image-2-300x214.jpeg 300w, https:\/\/www.cnelbalis.com\/wp-content\/uploads\/2023\/06\/Image-2-1024x732.jpeg 1024w, https:\/\/www.cnelbalis.com\/wp-content\/uploads\/2023\/06\/Image-2-768x549.jpeg 768w, https:\/\/www.cnelbalis.com\/wp-content\/uploads\/2023\/06\/Image-2-700x500.jpeg 700w\" sizes=\"auto, (max-width: 1440px) 100vw, 1440px\" \/><\/a>\n\t\t\t<\/div><\/figure><figure class='gallery-item'>\n\t\t\t<div class='gallery-icon landscape'>\n\t\t\t\t<a href='https:\/\/www.cnelbalis.com\/ca\/sots-campions-per-equips-doptimist-de-catalunya\/image-5\/'><img loading=\"lazy\" decoding=\"async\" width=\"1440\" height=\"1024\" src=\"https:\/\/www.cnelbalis.com\/wp-content\/uploads\/2023\/06\/Image-3.jpeg\" class=\"attachment-full size-full\" alt=\"\" srcset=\"https:\/\/www.cnelbalis.com\/wp-content\/uploads\/2023\/06\/Image-3.jpeg 1440w, https:\/\/www.cnelbalis.com\/wp-content\/uploads\/2023\/06\/Image-3-300x213.jpeg 300w, https:\/\/www.cnelbalis.com\/wp-content\/uploads\/2023\/06\/Image-3-1024x728.jpeg 1024w, https:\/\/www.cnelbalis.com\/wp-content\/uploads\/2023\/06\/Image-3-768x546.jpeg 768w\" sizes=\"auto, (max-width: 1440px) 100vw, 1440px\" \/><\/a>\n\t\t\t<\/div><\/figure><figure class='gallery-item'>\n\t\t\t<div class='gallery-icon landscape'>\n\t\t\t\t<a href='https:\/\/www.cnelbalis.com\/ca\/sots-campions-per-equips-doptimist-de-catalunya\/image-6\/'><img loading=\"lazy\" decoding=\"async\" width=\"1440\" height=\"1029\" src=\"https:\/\/www.cnelbalis.com\/wp-content\/uploads\/2023\/06\/Image-4.jpeg\" class=\"attachment-full size-full\" alt=\"\" srcset=\"https:\/\/www.cnelbalis.com\/wp-content\/uploads\/2023\/06\/Image-4.jpeg 1440w, https:\/\/www.cnelbalis.com\/wp-content\/uploads\/2023\/06\/Image-4-300x214.jpeg 300w, https:\/\/www.cnelbalis.com\/wp-content\/uploads\/2023\/06\/Image-4-1024x732.jpeg 1024w, https:\/\/www.cnelbalis.com\/wp-content\/uploads\/2023\/06\/Image-4-768x549.jpeg 768w, https:\/\/www.cnelbalis.com\/wp-content\/uploads\/2023\/06\/Image-4-700x500.jpeg 700w\" sizes=\"auto, (max-width: 1440px) 100vw, 1440px\" \/><\/a>\n\t\t\t<\/div><\/figure>\n\t\t<\/div>\n\n","protected":false},"excerpt":{"rendered":"<p>Aquest cap de setmana s&#8217;ha celebrat el campionat de Catalunya per equips a Calafell, on el club CN El Bal\u00eds ha participat amb 3 equips molt tops. Els regatistes han navegat molt b\u00e9, i ens hem quedat a les portes del primer lloc. El sabor \u00e9s semi amarg, per haver-ho tingut tan a prop, navegant [&hellip;]<\/p>\n","protected":false},"author":6,"featured_media":46137,"comment_status":"closed","ping_status":"closed","sticky":false,"template":"","format":"standard","meta":{"footnotes":""},"categories":[783,782,788],"tags":[],"class_list":["post-46136","post","type-post","status-publish","format-standard","has-post-thumbnail","hentry","category-escola","category-esport","category-vela-ca"],"acf":[],"_links":{"self":[{"href":"https:\/\/www.cnelbalis.com\/ca\/wp-json\/wp\/v2\/posts\/46136","targetHints":{"allow":["GET"]}}],"collection":[{"href":"https:\/\/www.cnelbalis.com\/ca\/wp-json\/wp\/v2\/posts"}],"about":[{"href":"https:\/\/www.cnelbalis.com\/ca\/wp-json\/wp\/v2\/types\/post"}],"author":[{"embeddable":true,"href":"https:\/\/www.cnelbalis.com\/ca\/wp-json\/wp\/v2\/users\/6"}],"replies":[{"embeddable":true,"href":"https:\/\/www.cnelbalis.com\/ca\/wp-json\/wp\/v2\/comments?post=46136"}],"version-history":[{"count":5,"href":"https:\/\/www.cnelbalis.com\/ca\/wp-json\/wp\/v2\/posts\/46136\/revisions"}],"predecessor-version":[{"id":46161,"href":"https:\/\/www.cnelbalis.com\/ca\/wp-json\/wp\/v2\/posts\/46136\/revisions\/46161"}],"wp:featuredmedia":[{"embeddable":true,"href":"https:\/\/www.cnelbalis.com\/ca\/wp-json\/wp\/v2\/media\/46137"}],"wp:attachment":[{"href":"https:\/\/www.cnelbalis.com\/ca\/wp-json\/wp\/v2\/media?parent=46136"}],"wp:term":[{"taxonomy":"category","embeddable":true,"href":"https:\/\/www.cnelbalis.com\/ca\/wp-json\/wp\/v2\/categories?post=46136"},{"taxonomy":"post_tag","embeddable":true,"href":"https:\/\/www.cnelbalis.com\/ca\/wp-json\/wp\/v2\/tags?post=46136"}],"curies":[{"name":"wp","href":"https:\/\/api.w.org\/{rel}","templated":true}]}}