{"id":36359,"date":"2023-03-30T13:26:34","date_gmt":"2023-03-30T11:26:34","guid":{"rendered":"https:\/\/www.cnelbalis.com\/?p=36359"},"modified":"2023-03-30T13:30:15","modified_gmt":"2023-03-30T11:30:15","slug":"bernat-cortes-ha-estat-el-primer-classificat-espanyol-a-la-rooster-sailing-fkss-2023","status":"publish","type":"post","link":"https:\/\/www.cnelbalis.com\/ca\/bernat-cortes-ha-estat-el-primer-classificat-espanyol-a-la-rooster-sailing-fkss-2023\/","title":{"rendered":"Bernat Cort\u00e9s ha estat el primer classificat espanyol a la Rooster Sailing FKSS 2023"},"content":{"rendered":"<p><img loading=\"lazy\" decoding=\"async\" class=\"aligncenter size-full wp-image-36338\" src=\"https:\/\/www.cnelbalis.com\/wp-content\/uploads\/2023\/03\/WhatsApp-Image-2023-03-30-at-10.38.29-1.jpeg\" alt=\"\" width=\"1400\" height=\"933\" srcset=\"https:\/\/www.cnelbalis.com\/wp-content\/uploads\/2023\/03\/WhatsApp-Image-2023-03-30-at-10.38.29-1.jpeg 1400w, https:\/\/www.cnelbalis.com\/wp-content\/uploads\/2023\/03\/WhatsApp-Image-2023-03-30-at-10.38.29-1-300x200.jpeg 300w, https:\/\/www.cnelbalis.com\/wp-content\/uploads\/2023\/03\/WhatsApp-Image-2023-03-30-at-10.38.29-1-1024x682.jpeg 1024w, https:\/\/www.cnelbalis.com\/wp-content\/uploads\/2023\/03\/WhatsApp-Image-2023-03-30-at-10.38.29-1-768x512.jpeg 768w\" sizes=\"auto, (max-width: 1400px) 100vw, 1400px\" \/><\/p>\n<p>&nbsp;<\/p>\n<p>Bernat Cort\u00e9s ha estat el primer classificat espanyol a la Rooster Sailing FKSS 2023 de Mallorca en la primera prova oficial del circuit Formula Kite Spain Series.<\/p>\n<p>Del gran potencial espanyol existent en aquesta classe ol\u00edmpica, tan sols una m\u00ednima flota d\u2019onze regatistes s\u2019han donat cita al circuit nacional de Formula Kite, destacant el regatista catal\u00e0 Bernat Cort\u00e9s que va aconseguir signar un meritori segon lloc a la cinquena m\u00e0nega del grup blau, que juntament amb dos parcials m\u00e9s entre els cinc primers llocs del seu grup li van permetre refermar-se com a primer espanyol i dotz\u00e8 a la general provisional de les Rooster Sailing FKSS 2023 Mallorca.<\/p>\n<p>Amb aquest resultat, en Bernat, demostra el bon progr\u00e9s que est\u00e0 realitzant per poder obtenir un lloc de cara als JJOO de Par\u00eds 2024.<\/p>\n","protected":false},"excerpt":{"rendered":"<p>&nbsp; Bernat Cort\u00e9s ha estat el primer classificat espanyol a la Rooster Sailing FKSS 2023 de Mallorca en la primera prova oficial del circuit Formula Kite Spain Series. Del gran potencial espanyol existent en aquesta classe ol\u00edmpica, tan sols una m\u00ednima flota d\u2019onze regatistes s\u2019han donat cita al circuit nacional de Formula Kite, destacant el [&hellip;]<\/p>\n","protected":false},"author":6,"featured_media":36338,"comment_status":"closed","ping_status":"closed","sticky":false,"template":"","format":"standard","meta":{"footnotes":""},"categories":[782,8,788],"tags":[],"class_list":["post-36359","post","type-post","status-publish","format-standard","has-post-thumbnail","hentry","category-esport","category-noticies","category-vela-ca"],"acf":[],"_links":{"self":[{"href":"https:\/\/www.cnelbalis.com\/ca\/wp-json\/wp\/v2\/posts\/36359","targetHints":{"allow":["GET"]}}],"collection":[{"href":"https:\/\/www.cnelbalis.com\/ca\/wp-json\/wp\/v2\/posts"}],"about":[{"href":"https:\/\/www.cnelbalis.com\/ca\/wp-json\/wp\/v2\/types\/post"}],"author":[{"embeddable":true,"href":"https:\/\/www.cnelbalis.com\/ca\/wp-json\/wp\/v2\/users\/6"}],"replies":[{"embeddable":true,"href":"https:\/\/www.cnelbalis.com\/ca\/wp-json\/wp\/v2\/comments?post=36359"}],"version-history":[{"count":2,"href":"https:\/\/www.cnelbalis.com\/ca\/wp-json\/wp\/v2\/posts\/36359\/revisions"}],"predecessor-version":[{"id":36361,"href":"https:\/\/www.cnelbalis.com\/ca\/wp-json\/wp\/v2\/posts\/36359\/revisions\/36361"}],"wp:featuredmedia":[{"embeddable":true,"href":"https:\/\/www.cnelbalis.com\/ca\/wp-json\/wp\/v2\/media\/36338"}],"wp:attachment":[{"href":"https:\/\/www.cnelbalis.com\/ca\/wp-json\/wp\/v2\/media?parent=36359"}],"wp:term":[{"taxonomy":"category","embeddable":true,"href":"https:\/\/www.cnelbalis.com\/ca\/wp-json\/wp\/v2\/categories?post=36359"},{"taxonomy":"post_tag","embeddable":true,"href":"https:\/\/www.cnelbalis.com\/ca\/wp-json\/wp\/v2\/tags?post=36359"}],"curies":[{"name":"wp","href":"https:\/\/api.w.org\/{rel}","templated":true}]}}