{"id":36247,"date":"2023-03-24T11:42:23","date_gmt":"2023-03-24T10:42:23","guid":{"rendered":"https:\/\/www.cnelbalis.com\/?p=36247"},"modified":"2023-03-24T11:42:23","modified_gmt":"2023-03-24T10:42:23","slug":"alt-nivell-dels-nostres-es-esportistes-en-competicions","status":"publish","type":"post","link":"https:\/\/www.cnelbalis.com\/ca\/alt-nivell-dels-nostres-es-esportistes-en-competicions\/","title":{"rendered":"Alt nivell dels nostres\/es esportistes en competicions"},"content":{"rendered":"<p>Els nostres\/es esportistes segueixen a un gran nivell de competici\u00f3.<\/p>\n<p>En les \u00faltimes setmanes, Pol Mateu i Tano de Maqua han aconseguit el trofeu de campions a la classe 420 de la Carnival Race de San Remo. Els nostres nois van competir de forma molt s\u00f2lida, obtenint el 1r lloc de la general d&#8217;un total de 125 embarcacions open.<\/p>\n<p>D&#8217;altra banda felicitar la nostra esportista top d&#8217;IQFOIL J\u00falia G\u00f3mez, que obt\u00e9 el subcampionat d&#8217;Espanya Absolut i el 1r lloc a Sub21.<\/p>\n<p>I per \u00faltim cal destacar la 4a posici\u00f3 en els resultats generals de Berni Cort\u00e9s a la Formula Kite Coach Regatta.<\/p>\n<p>Tots aquests resultats acrediten el nostre alt nivell en la formaci\u00f3 d&#8217;esportistes al m\u00e9s alt nivell.<\/p>\n<p>Felicitats a tots ells, als seus companys i entrenadors!!<\/p>\n<div id='gallery-1' class='gallery galleryid-36247 gallery-columns-3 gallery-size-thumbnail'><figure class='gallery-item'>\n\t\t\t<div class='gallery-icon landscape'>\n\t\t\t\t<a href='https:\/\/www.cnelbalis.com\/ca\/equipo\/classes-olimpiques-470\/whatsapp-image-2023-03-01-at-15-55-15-2\/'><img loading=\"lazy\" decoding=\"async\" width=\"150\" height=\"150\" src=\"https:\/\/www.cnelbalis.com\/wp-content\/uploads\/2022\/09\/WhatsApp-Image-2023-03-01-at-15.55.15-150x150.jpeg\" class=\"attachment-thumbnail size-thumbnail\" alt=\"\" aria-describedby=\"gallery-1-35850\" \/><\/a>\n\t\t\t<\/div>\n\t\t\t\t<figcaption class='wp-caption-text gallery-caption' id='gallery-1-35850'>\n\t\t\t\tBerni Cort\u00e9s\n\t\t\t\t<\/figcaption><\/figure><figure class='gallery-item'>\n\t\t\t<div class='gallery-icon landscape'>\n\t\t\t\t<a href='https:\/\/www.cnelbalis.com\/ca\/9fd2b404-b9b4-4067-bf50-ddf6825fc782-2\/'><img loading=\"lazy\" decoding=\"async\" width=\"150\" height=\"150\" src=\"https:\/\/www.cnelbalis.com\/wp-content\/uploads\/2023\/02\/9fd2b404-b9b4-4067-bf50-ddf6825fc782-150x150.jpg\" class=\"attachment-thumbnail size-thumbnail\" alt=\"\" aria-describedby=\"gallery-1-35645\" \/><\/a>\n\t\t\t<\/div>\n\t\t\t\t<figcaption class='wp-caption-text gallery-caption' id='gallery-1-35645'>\n\t\t\t\tPol Mateu y Tano de Maqua\n\t\t\t\t<\/figcaption><\/figure><figure class='gallery-item'>\n\t\t\t<div class='gallery-icon landscape'>\n\t\t\t\t<a href='https:\/\/www.cnelbalis.com\/ca\/whatsapp-image-2023-03-01-at-08-56-17-2\/'><img loading=\"lazy\" decoding=\"async\" width=\"150\" height=\"150\" src=\"https:\/\/www.cnelbalis.com\/wp-content\/uploads\/2023\/03\/WhatsApp-Image-2023-03-01-at-08.56.17-150x150.jpeg\" class=\"attachment-thumbnail size-thumbnail\" alt=\"\" aria-describedby=\"gallery-1-35938\" \/><\/a>\n\t\t\t<\/div>\n\t\t\t\t<figcaption class='wp-caption-text gallery-caption' id='gallery-1-35938'>\n\t\t\t\tJ\u00falia G\u00f3mez\n\t\t\t\t<\/figcaption><\/figure>\n\t\t<\/div>\n\n","protected":false},"excerpt":{"rendered":"<p>Els nostres\/es esportistes segueixen a un gran nivell de competici\u00f3. En les \u00faltimes setmanes, Pol Mateu i Tano de Maqua han aconseguit el trofeu de campions a la classe 420 de la Carnival Race de San Remo. Els nostres nois van competir de forma molt s\u00f2lida, obtenint el 1r lloc de la general d&#8217;un total [&hellip;]<\/p>\n","protected":false},"author":6,"featured_media":35938,"comment_status":"closed","ping_status":"closed","sticky":false,"template":"","format":"standard","meta":{"footnotes":""},"categories":[782,8],"tags":[],"class_list":["post-36247","post","type-post","status-publish","format-standard","has-post-thumbnail","hentry","category-esport","category-noticies"],"acf":[],"_links":{"self":[{"href":"https:\/\/www.cnelbalis.com\/ca\/wp-json\/wp\/v2\/posts\/36247","targetHints":{"allow":["GET"]}}],"collection":[{"href":"https:\/\/www.cnelbalis.com\/ca\/wp-json\/wp\/v2\/posts"}],"about":[{"href":"https:\/\/www.cnelbalis.com\/ca\/wp-json\/wp\/v2\/types\/post"}],"author":[{"embeddable":true,"href":"https:\/\/www.cnelbalis.com\/ca\/wp-json\/wp\/v2\/users\/6"}],"replies":[{"embeddable":true,"href":"https:\/\/www.cnelbalis.com\/ca\/wp-json\/wp\/v2\/comments?post=36247"}],"version-history":[{"count":1,"href":"https:\/\/www.cnelbalis.com\/ca\/wp-json\/wp\/v2\/posts\/36247\/revisions"}],"predecessor-version":[{"id":36249,"href":"https:\/\/www.cnelbalis.com\/ca\/wp-json\/wp\/v2\/posts\/36247\/revisions\/36249"}],"wp:featuredmedia":[{"embeddable":true,"href":"https:\/\/www.cnelbalis.com\/ca\/wp-json\/wp\/v2\/media\/35938"}],"wp:attachment":[{"href":"https:\/\/www.cnelbalis.com\/ca\/wp-json\/wp\/v2\/media?parent=36247"}],"wp:term":[{"taxonomy":"category","embeddable":true,"href":"https:\/\/www.cnelbalis.com\/ca\/wp-json\/wp\/v2\/categories?post=36247"},{"taxonomy":"post_tag","embeddable":true,"href":"https:\/\/www.cnelbalis.com\/ca\/wp-json\/wp\/v2\/tags?post=36247"}],"curies":[{"name":"wp","href":"https:\/\/api.w.org\/{rel}","templated":true}]}}