{"id":36240,"date":"2023-03-24T11:26:58","date_gmt":"2023-03-24T10:26:58","guid":{"rendered":"https:\/\/www.cnelbalis.com\/?p=36240"},"modified":"2023-03-24T11:26:58","modified_gmt":"2023-03-24T10:26:58","slug":"resultats-a-la-regata-33-internacional-vila-de-palamos-optimist-trophy","status":"publish","type":"post","link":"https:\/\/www.cnelbalis.com\/ca\/resultats-a-la-regata-33-internacional-vila-de-palamos-optimist-trophy\/","title":{"rendered":"Resultats a la regata 33 Internacional Vila de Palam\u00f3s Optimist Trophy"},"content":{"rendered":"<p><img loading=\"lazy\" decoding=\"async\" class=\"aligncenter wp-image-35510 size-full\" src=\"https:\/\/www.cnelbalis.com\/wp-content\/uploads\/2023\/02\/WhatsApp-Image-2023-02-20-at-15.00.22.jpeg\" alt=\"\" width=\"1600\" height=\"1200\" srcset=\"https:\/\/www.cnelbalis.com\/wp-content\/uploads\/2023\/02\/WhatsApp-Image-2023-02-20-at-15.00.22.jpeg 1600w, https:\/\/www.cnelbalis.com\/wp-content\/uploads\/2023\/02\/WhatsApp-Image-2023-02-20-at-15.00.22-300x225.jpeg 300w, https:\/\/www.cnelbalis.com\/wp-content\/uploads\/2023\/02\/WhatsApp-Image-2023-02-20-at-15.00.22-1024x768.jpeg 1024w, https:\/\/www.cnelbalis.com\/wp-content\/uploads\/2023\/02\/WhatsApp-Image-2023-02-20-at-15.00.22-768x576.jpeg 768w, https:\/\/www.cnelbalis.com\/wp-content\/uploads\/2023\/02\/WhatsApp-Image-2023-02-20-at-15.00.22-1536x1152.jpeg 1536w\" sizes=\"auto, (max-width: 1600px) 100vw, 1600px\" \/><\/p>\n<p>L&#8217;equip d&#8217;optimist del CN El Bal\u00eds ha assistit a la Regata 33 Internacional Vila de Palam\u00f3s Optimist Trophy!<\/p>\n<p>Amb regatistes de tot el m\u00f3n i nivell de mundial, han fet molt bones regates demostrant una vegada m\u00e9s tot l&#8217;aprenentatge de la temporada!<br \/>\nSeguim millorant i pujant un equip excel\u00b7lent!!<\/p>\n<p>Bruno Garc\u00eda ha obtingut la 8a posici\u00f3 i Juan Lleonart la 16a. Moltes felicitats per aquests resultats fant\u00e0stics!<br \/>\nI tamb\u00e9 felicitar la resta de l&#8217;equip que han obtingut bons resultats en els seus respectius grups.<\/p>\n<p>Moltes gr\u00e0cies al Club Vela Palam\u00f3s !<\/p>\n","protected":false},"excerpt":{"rendered":"<p>L&#8217;equip d&#8217;optimist del CN El Bal\u00eds ha assistit a la Regata 33 Internacional Vila de Palam\u00f3s Optimist Trophy! Amb regatistes de tot el m\u00f3n i nivell de mundial, han fet molt bones regates demostrant una vegada m\u00e9s tot l&#8217;aprenentatge de la temporada! Seguim millorant i pujant un equip excel\u00b7lent!! Bruno Garc\u00eda ha obtingut la 8a [&hellip;]<\/p>\n","protected":false},"author":6,"featured_media":35510,"comment_status":"closed","ping_status":"closed","sticky":false,"template":"","format":"standard","meta":{"footnotes":""},"categories":[8],"tags":[],"class_list":["post-36240","post","type-post","status-publish","format-standard","has-post-thumbnail","hentry","category-noticies"],"acf":[],"_links":{"self":[{"href":"https:\/\/www.cnelbalis.com\/ca\/wp-json\/wp\/v2\/posts\/36240","targetHints":{"allow":["GET"]}}],"collection":[{"href":"https:\/\/www.cnelbalis.com\/ca\/wp-json\/wp\/v2\/posts"}],"about":[{"href":"https:\/\/www.cnelbalis.com\/ca\/wp-json\/wp\/v2\/types\/post"}],"author":[{"embeddable":true,"href":"https:\/\/www.cnelbalis.com\/ca\/wp-json\/wp\/v2\/users\/6"}],"replies":[{"embeddable":true,"href":"https:\/\/www.cnelbalis.com\/ca\/wp-json\/wp\/v2\/comments?post=36240"}],"version-history":[{"count":2,"href":"https:\/\/www.cnelbalis.com\/ca\/wp-json\/wp\/v2\/posts\/36240\/revisions"}],"predecessor-version":[{"id":36242,"href":"https:\/\/www.cnelbalis.com\/ca\/wp-json\/wp\/v2\/posts\/36240\/revisions\/36242"}],"wp:featuredmedia":[{"embeddable":true,"href":"https:\/\/www.cnelbalis.com\/ca\/wp-json\/wp\/v2\/media\/35510"}],"wp:attachment":[{"href":"https:\/\/www.cnelbalis.com\/ca\/wp-json\/wp\/v2\/media?parent=36240"}],"wp:term":[{"taxonomy":"category","embeddable":true,"href":"https:\/\/www.cnelbalis.com\/ca\/wp-json\/wp\/v2\/categories?post=36240"},{"taxonomy":"post_tag","embeddable":true,"href":"https:\/\/www.cnelbalis.com\/ca\/wp-json\/wp\/v2\/tags?post=36240"}],"curies":[{"name":"wp","href":"https:\/\/api.w.org\/{rel}","templated":true}]}}