{"id":36203,"date":"2023-03-24T09:59:39","date_gmt":"2023-03-24T08:59:39","guid":{"rendered":"https:\/\/www.cnelbalis.com\/?p=36203"},"modified":"2023-03-24T09:59:39","modified_gmt":"2023-03-24T08:59:39","slug":"els-hongaresos-soma-kis-szolgyemi-i-andras-samuel-juhasz-guanyen-la-medsailing-2023","status":"publish","type":"post","link":"https:\/\/www.cnelbalis.com\/ca\/els-hongaresos-soma-kis-szolgyemi-i-andras-samuel-juhasz-guanyen-la-medsailing-2023\/","title":{"rendered":"Els hongaresos Soma Kis-Sz\u00f6lgy\u00e9mi i Andr\u00e1s S\u00e1muel Juh\u00e1sz guanyen la MedSailing 2023"},"content":{"rendered":"<p><img loading=\"lazy\" decoding=\"async\" class=\"aligncenter wp-image-35386 size-full\" src=\"https:\/\/www.cnelbalis.com\/wp-content\/uploads\/2023\/02\/ijk8i.jpeg\" alt=\"\" width=\"2500\" height=\"1667\" srcset=\"https:\/\/www.cnelbalis.com\/wp-content\/uploads\/2023\/02\/ijk8i.jpeg 2500w, https:\/\/www.cnelbalis.com\/wp-content\/uploads\/2023\/02\/ijk8i-300x200.jpeg 300w, https:\/\/www.cnelbalis.com\/wp-content\/uploads\/2023\/02\/ijk8i-1024x683.jpeg 1024w, https:\/\/www.cnelbalis.com\/wp-content\/uploads\/2023\/02\/ijk8i-768x512.jpeg 768w, https:\/\/www.cnelbalis.com\/wp-content\/uploads\/2023\/02\/ijk8i-1536x1024.jpeg 1536w, https:\/\/www.cnelbalis.com\/wp-content\/uploads\/2023\/02\/ijk8i-2048x1366.jpeg 2048w, https:\/\/www.cnelbalis.com\/wp-content\/uploads\/2023\/02\/ijk8i-1500x1000.jpeg 1500w\" sizes=\"auto, (max-width: 2500px) 100vw, 2500px\" \/><\/p>\n<p style=\"text-align: center;\">La MedSailing, que organitza el CN El Bal\u00eds, es una de las regates fixes del circuit Eurocup de la classe 29er.<\/p>\n<p style=\"text-align: center;\">Foto: Laura Carrau<\/p>\n<p class=\"text-build-content\" data-testid=\"CUR5tt1qW-\"><strong>Sant Andreu de Llavaneres (Barcelona)<\/strong>.- La tripulaci\u00f3 hongaresa formada per Soma Kis-Sz\u00f6lgy\u00e9mi i Andr\u00e1s S\u00e1muel Juhasz s&#8217;ha emportat la MedSailing 2023, primera prova de la temporada del circuit de la classe 29er EuroCup, organitzat per El Club N\u00e0utic El Bal\u00eds. La segona pla\u00e7a ha estat per als brit\u00e0nics Jamie Wilkinson i Jamie Gatehouse i completaven el podi els francesos Hugo Revil i Karl Devaux.<\/p>\n<p class=\"text-build-content\" data-testid=\"CUR5tt1qW-\">Despr\u00e9s de dos dies sense vent, finalment en les dues \u00faltimes jornades va entrar una brisa que va permetre que en la jornada de dissabte es poguessin celebrar tres proves i dues m\u00e9s diumenge, amb la qual cosa la flota va poder descartar el seu pitjor resultat.<\/p>\n<p class=\"text-build-content\" data-testid=\"CUR5tt1qW-\">Despr\u00e9s del liderat inicial de Revil i Devaux, bronze en el Mundial de 29er en aquestes mateixes aig\u00fces fa a penes sis mesos, l&#8217;\u00faltima jornada encara que van realitzar un tercer i un sis\u00e8, no va ser prop\u00edcia per a ells, ja que van caure fins a la tercera posici\u00f3. Els que s\u00ed que van estar encertats van ser els hongaresos Kis-Sz\u00f6lgy\u00e9mi i S\u00e0muel Juh\u00e1sz, que van guanyar les dues proves del dia i es van al\u00e7ar amb la vict\u00f2ria final en aig\u00fces catalanes. Els brit\u00e0nics Wilkinson i Gatehouse, amb un tercer i un segon, es van al\u00e7ar amb el subcampionat de la MedSailing 2023.<\/p>\n<p>Entre la flota espanyola, la millor tripulaci\u00f3 ha estat la dels catalans Santiago N\u00fa\u00f1ez i Ricardo de March (CN Garraf) i les balears Neus Garc\u00eda i Luc\u00eda Busquets (RCN Palma), van ser les segona tripulaci\u00f3 femenina, per darrere de les brit\u00e0niques Annabelle Vines i Madeleine Bilbrough, que han estat les primeres f\u00e8mines.<\/p>\n<p>En la jornada final el vent ha bufat amb molt poca intensitat, entre els 5 i 6 nusos, per\u00f2 suficient per tancar el campionat amb un total de cinc m\u00e0nigues disputades.<\/p>\n<p data-testid=\"CUR5tt1qW-\">\n","protected":false},"excerpt":{"rendered":"<p>La MedSailing, que organitza el CN El Bal\u00eds, es una de las regates fixes del circuit Eurocup de la classe 29er. Foto: Laura Carrau Sant Andreu de Llavaneres (Barcelona).- La tripulaci\u00f3 hongaresa formada per Soma Kis-Sz\u00f6lgy\u00e9mi i Andr\u00e1s S\u00e1muel Juhasz s&#8217;ha emportat la MedSailing 2023, primera prova de la temporada del circuit de la classe [&hellip;]<\/p>\n","protected":false},"author":6,"featured_media":35386,"comment_status":"closed","ping_status":"closed","sticky":false,"template":"","format":"standard","meta":{"footnotes":""},"categories":[782,8],"tags":[],"class_list":["post-36203","post","type-post","status-publish","format-standard","has-post-thumbnail","hentry","category-esport","category-noticies"],"acf":[],"_links":{"self":[{"href":"https:\/\/www.cnelbalis.com\/ca\/wp-json\/wp\/v2\/posts\/36203","targetHints":{"allow":["GET"]}}],"collection":[{"href":"https:\/\/www.cnelbalis.com\/ca\/wp-json\/wp\/v2\/posts"}],"about":[{"href":"https:\/\/www.cnelbalis.com\/ca\/wp-json\/wp\/v2\/types\/post"}],"author":[{"embeddable":true,"href":"https:\/\/www.cnelbalis.com\/ca\/wp-json\/wp\/v2\/users\/6"}],"replies":[{"embeddable":true,"href":"https:\/\/www.cnelbalis.com\/ca\/wp-json\/wp\/v2\/comments?post=36203"}],"version-history":[{"count":2,"href":"https:\/\/www.cnelbalis.com\/ca\/wp-json\/wp\/v2\/posts\/36203\/revisions"}],"predecessor-version":[{"id":36205,"href":"https:\/\/www.cnelbalis.com\/ca\/wp-json\/wp\/v2\/posts\/36203\/revisions\/36205"}],"wp:featuredmedia":[{"embeddable":true,"href":"https:\/\/www.cnelbalis.com\/ca\/wp-json\/wp\/v2\/media\/35386"}],"wp:attachment":[{"href":"https:\/\/www.cnelbalis.com\/ca\/wp-json\/wp\/v2\/media?parent=36203"}],"wp:term":[{"taxonomy":"category","embeddable":true,"href":"https:\/\/www.cnelbalis.com\/ca\/wp-json\/wp\/v2\/categories?post=36203"},{"taxonomy":"post_tag","embeddable":true,"href":"https:\/\/www.cnelbalis.com\/ca\/wp-json\/wp\/v2\/tags?post=36203"}],"curies":[{"name":"wp","href":"https:\/\/api.w.org\/{rel}","templated":true}]}}