{"id":34487,"date":"2022-11-16T14:26:59","date_gmt":"2022-11-16T13:26:59","guid":{"rendered":"https:\/\/club.cnelbalis.com\/prop-duna-seixantena-dembarcacions-participen-en-el-campionat-de-catalunya-de-creuers-acollit-pel-cn-el-balis\/"},"modified":"2023-01-26T14:30:17","modified_gmt":"2023-01-26T13:30:17","slug":"prop-duna-seixantena-dembarcacions-participen-en-el-campionat-de-catalunya-de-creuers-acollit-pel-cn-el-balis","status":"publish","type":"post","link":"https:\/\/www.cnelbalis.com\/ca\/prop-duna-seixantena-dembarcacions-participen-en-el-campionat-de-catalunya-de-creuers-acollit-pel-cn-el-balis\/","title":{"rendered":"PROP D\u2019UNA SEIXANTENA D\u2019EMBARCACIONS PARTICIPEN EN EL CAMPIONAT DE CATALUNYA DE CREUERS ACOLLIT PEL CN EL BAL\u00cdS"},"content":{"rendered":"<p><img loading=\"lazy\" decoding=\"async\" class=\"aligncenter size-full wp-image-25618\" src=\"https:\/\/www.cnelbalis.com\/wp-content\/uploads\/vj-w\/-i\/dron01a.png\" alt=\"\" width=\"1262\" height=\"706\" \/><\/p>\n<p>&nbsp;<\/p>\n<p><strong>Des del Club N\u00e0utic El Bal\u00eds hem acollit aquest <\/strong>passat cap de setmana, 12 i 13 de novembre, les <strong>embarcacions m\u00e9s representatives del territori catal\u00e0 en el Campionat de Catalunya de Creuers<\/strong>, organitzat pel nostre Club per delegaci\u00f3 de la Federaci\u00f3 Catalana de Vela. El Club vol <strong>agrair aquesta entitat pel suport i l\u2019\u00e8xit obtingut<\/strong> en aquesta primera edici\u00f3 que ha portat un nou format plantejat des de la Federaci\u00f3, amb l\u2019objectiu d\u2019aglutinar en un mateix esdeveniment al gruix de les embarcacions de Creuer, independentment de les diferents modalitats en qu\u00e8 es competeix.<\/p>\n<p>El campionat ha constat d\u2019una prova costanera de 36 milles n\u00e0utiques, la qual va donar tret de sortida el dissabte a les 12:05 i 12:14 hores, per les <strong>categories de Creuers d\u2019Altura i Tripulacions Redu\u00efdes<\/strong>. La ruta va consistir en un recorregut costaner pel litoral del maresme fins a arribar a Blanes en l\u2019anada, i en la tornada, fins el Bal\u00eds. En aquest recorregut, l\u2019embarcaci\u00f3 m\u00e9s r\u00e0pida va invertir un temps total de 5 hores en el cas d\u2019altura, i 6 hores en el cas de tripulacions redu\u00efdes.<\/p>\n<p>Les previsions meteorol\u00f2giques es van complir i van permetre fer gran part del recorregut amb un vent establert de component est de 12-15 nusos, a mesura que va anar avan\u00e7ant el dia va minvar fins a arribar a deixar una brisa molt feble, en el cas de les \u00faltimes embarcacions en travessar la l\u00ednia d\u2019arribada al voltant de la mitjanit.<\/p>\n<h3><strong>Els guanyadors del Campionat de Catalunya de Creuers<\/strong><\/h3>\n<h4><strong>Grup d\u2019altura:<\/strong><\/h4>\n<p>1. DUENDE 52 de Jacinto Rodr\u00edguez del Club N\u00e0utic Arenys de Mar<\/p>\n<p>2. NUBA II de Francisco Iglesias del Club N\u00e0utic Arenys de Mar<\/p>\n<p>3. FANYTAS de Miquel Ban\u00fas del Club N\u00e0utic Port d\u2019Aro<\/p>\n<h4><strong>Grup 1 de tripulacions redu\u00efdes A Dos:<\/strong><\/h4>\n<p>1. SMERIT de Tito Moure del Club Vela Blanes<\/p>\n<p>2. HYDRA-HM HOSPITALES d\u2019Oscar Chaves del Club N\u00e0utic El Bal\u00eds<\/p>\n<p>3. DUENDE 50 d\u2019In\u00e9s Rodr\u00edguez del Club N\u00e0utic Arenys de Mar<\/p>\n<h4><strong>Grup 2 de tripulacions redu\u00efdes A Dos<\/strong>:<\/h4>\n<p>1. COMETA d\u2019en Llu\u00eds Blanchar del Club N\u00e0utic El Bal\u00eds<\/p>\n<p>2. IA ORANA de Jordi Zaragoza del Club N\u00e0utic Vilanova<\/p>\n<p>3. BLUE MARLIN III de Diego Cascales del Club N\u00e0utic El Bal\u00eds<\/p>\n<h4><strong>Grup de solitaris:<\/strong><\/h4>\n<p>1. XPRESS de Joel Brosa del Club N\u00e0utic Arenys de Mar<\/p>\n<p><strong>Grup 0-2: <\/strong><\/p>\n<p>1. BLUE CARBON de Toni Guiu del Real Club N\u00e1utico Barcelona<\/p>\n<p>2. KAJSA III de Rolf Auf der Maur del Real Club N\u00e1utico de Barcelona<\/p>\n<p>3. MIAJA X del Jaume Sam\u00f3n del Club N\u00e0utic El Masnou<\/p>\n<p><strong>Grup 3-5: <\/strong><\/p>\n<p>1. DESAFINO de Miquel Colomer del Club N\u00e0utic Lloret de Mar<\/p>\n<p>2. L\u2019IMMENS d\u2019Alexandre Laplaza del Real Club N\u00e1utico Barcelona<\/p>\n<p>3. L\u2019OREIG d\u2019en Mart\u00ed Gelabert del Club N\u00e0utic Port d\u2019Aro<\/p>\n<p>En el cas de les <strong>embarcacions de tripulaci\u00f3 <\/strong>que van realitzar recorreguts t\u00e8cnics davant del Port Bal\u00eds, van finalitzar la jornada amb tres proves realitzades per cada un dels grups de competici\u00f3, aprofitant les bones condicions meteorol\u00f2giques. Diumenge, tot i la mala previsi\u00f3, es va arrencar l\u2019\u00faltima prova per aquesta categoria amb una brisa molt suau de 4-5 nusos d\u2019intensitat, tot i que finalment es va haver d\u2019anul\u00b7lar per falta d\u2019intensitat de vent.<\/p>\n<p><strong>Classe Mini 6.50, categoria en solitari<\/strong><\/p>\n<p><strong>\u00a0<\/strong>Quant a la <strong>classe Mini 6.50<\/strong>, \u00e9s la classe per excel\u00b7l\u00e8ncia dels navegants en solitari i una gran escola de navegaci\u00f3, on el regatista s\u2019ha de valer per si mateix per v\u00e8ncer totes les dificultats que li puguin apar\u00e8ixer durant les travesses de llarga dist\u00e0ncia. La regata m\u00e9s coneguda i que ha obtingut grans navegants de l\u2019\u00e8poca contempor\u00e0nia \u00e9s la Mini Transat, en la que la vela catalana hi t\u00e9 part d\u2019hist\u00f2ria amb noms ben coneguts com Alex Pella i Anna Corbella, entre molts d\u2019altres participants del m\u00f3n catal\u00e0.<\/p>\n<p>A la sortida de dissabte els participants d\u2019aquesta categoria, van fer un recorregut davant de Barcelona seguidament d\u2019una travessa fins a arribar al Bal\u00eds. Diumenge van realitzar el recorregut invers de tornada cap a la seva seu a Barcelona fent un total de 51 milles n\u00e0utiques.<\/p>\n<p>Finalment, el guanyador de la <strong>classe Mini 6.5 <\/strong>va ser <strong>PRODATA<\/strong> de Witek Maleki (POL), el segon classificat va ser el KRISTINA II de Miguel Rondon del Real Club N\u00e1utico de Gran Canaria (ESP), i en tercer lloc, el LIKE CRAZY de Massimo Vatteroni del Club N\u00e1utico Marina di Carrara (ITA).<\/p>\n<p>&nbsp;<\/p>\n<p><strong>A per m\u00e9s edicions!<\/strong><\/p>\n","protected":false},"excerpt":{"rendered":"<p>&nbsp; Des del Club N\u00e0utic El Bal\u00eds hem acollit aquest passat cap de setmana, 12 i 13 de novembre, les embarcacions m\u00e9s representatives del territori catal\u00e0 en el Campionat de Catalunya de Creuers, organitzat pel nostre Club per delegaci\u00f3 de la Federaci\u00f3 Catalana de Vela. El Club vol agrair aquesta entitat pel suport i l\u2019\u00e8xit [&hellip;]<\/p>\n","protected":false},"author":1,"featured_media":34623,"comment_status":"open","ping_status":"open","sticky":false,"template":"","format":"standard","meta":{"footnotes":""},"categories":[782],"tags":[],"class_list":["post-34487","post","type-post","status-publish","format-standard","has-post-thumbnail","hentry","category-esport"],"acf":[],"_links":{"self":[{"href":"https:\/\/www.cnelbalis.com\/ca\/wp-json\/wp\/v2\/posts\/34487","targetHints":{"allow":["GET"]}}],"collection":[{"href":"https:\/\/www.cnelbalis.com\/ca\/wp-json\/wp\/v2\/posts"}],"about":[{"href":"https:\/\/www.cnelbalis.com\/ca\/wp-json\/wp\/v2\/types\/post"}],"author":[{"embeddable":true,"href":"https:\/\/www.cnelbalis.com\/ca\/wp-json\/wp\/v2\/users\/1"}],"replies":[{"embeddable":true,"href":"https:\/\/www.cnelbalis.com\/ca\/wp-json\/wp\/v2\/comments?post=34487"}],"version-history":[{"count":3,"href":"https:\/\/www.cnelbalis.com\/ca\/wp-json\/wp\/v2\/posts\/34487\/revisions"}],"predecessor-version":[{"id":34627,"href":"https:\/\/www.cnelbalis.com\/ca\/wp-json\/wp\/v2\/posts\/34487\/revisions\/34627"}],"wp:featuredmedia":[{"embeddable":true,"href":"https:\/\/www.cnelbalis.com\/ca\/wp-json\/wp\/v2\/media\/34623"}],"wp:attachment":[{"href":"https:\/\/www.cnelbalis.com\/ca\/wp-json\/wp\/v2\/media?parent=34487"}],"wp:term":[{"taxonomy":"category","embeddable":true,"href":"https:\/\/www.cnelbalis.com\/ca\/wp-json\/wp\/v2\/categories?post=34487"},{"taxonomy":"post_tag","embeddable":true,"href":"https:\/\/www.cnelbalis.com\/ca\/wp-json\/wp\/v2\/tags?post=34487"}],"curies":[{"name":"wp","href":"https:\/\/api.w.org\/{rel}","templated":true}]}}