{"id":34483,"date":"2022-10-25T13:54:20","date_gmt":"2022-10-25T11:54:20","guid":{"rendered":"https:\/\/club.cnelbalis.com\/final-del-campionat-de-catalunya-de-motos-aquatiques-al-cn-el-balis\/"},"modified":"2023-01-26T14:30:06","modified_gmt":"2023-01-26T13:30:06","slug":"final-del-campionat-de-catalunya-de-motos-aquatiques-al-cn-el-balis","status":"publish","type":"post","link":"https:\/\/www.cnelbalis.com\/ca\/final-del-campionat-de-catalunya-de-motos-aquatiques-al-cn-el-balis\/","title":{"rendered":"FINAL DEL CAMPIONAT DE CATALUNYA DE MOTOS AQU\u00c0TIQUES AL CN EL BAL\u00cdS"},"content":{"rendered":"<p><img loading=\"lazy\" decoding=\"async\" class=\"aligncenter  wp-image-25508\" src=\"https:\/\/www.cnelbalis.com\/wp-content\/uploads\/vj-w\/-i\/IMG_9567-c.jpg\" alt=\"\" width=\"1021\" height=\"644\" \/><\/p>\n<p style=\"text-align: center;\">Jordi Miquel (8) i David Rodr\u00edguez (32) lluitant per la regata i pel campionat<\/p>\n<p>El passat dissabte dia 22 d\u2019octubre es va disputar al Club N\u00e0utic El Bal\u00eds la sisena i \u00faltima regata puntuable per al Campionat de Catalunya de motos aqu\u00e0tiques 2022, modalitat de circuit, sota l\u2019organitzaci\u00f3 de la Federaci\u00f3 Catalana de Moton\u00e0utica i el propi Club N\u00e0utic El Bal\u00eds.<\/p>\n<p>La regata es va celebrar per a tres m\u00e0negues d\u2019onze minuts m\u00e9s una volta per a cadascuna de les tres categories, amb una mica de vent i bastant de mar de fons, la qual cosa va obligar als pilots a fer un esfor\u00e7 suplementari, especialment Joan Sevil, que va participar a dues categories i va fer un total de sis m\u00e0negues, per\u00f2 amb resultats prou bons.<\/p>\n<p>A la categoria GP1, recuperada aquesta temporada per agrupar les motos amb m\u00e9s prestacions, va guanyar Denis Munnikhuis, seguit d\u2019Alex Velasco i de Joan Sevil. Amb aquest resultat Velasco es proclama Campi\u00f3 de Catalunya d\u2019aquesta categoria, Munnikhuis \u00e9s subcampi\u00f3 i Sevil \u00e9s tercer.<\/p>\n<p>A la categoria GP3 s\u2019havia de produir una sorpresa perqu\u00e8 Sevil no guany\u00e9s el Campionat, tota vegada que tenia una important difer\u00e8ncia de punts sobre el seu immediat perseguidor, Roger Pujol. Pujol va guanyar les tres m\u00e0negues, per\u00f2 Sevil va estar casi sempre a la seva popa i va acabar segon de la jornada i \u00e9s el nou Campi\u00f3. Pujol \u00e9s el subcampi\u00f3 i Lucas Oliver \u00e9s el tercer del torneig, gr\u00e0cies als punts acumulats fins ara. Salvador Canet va ser el tercer al Bal\u00eds.<\/p>\n<p>A la categoria F4, reservada a pilots sense palmar\u00e8s, tamb\u00e9 es podia decidir el t\u00edtol entre David Rodr\u00edguez i Jordi Miquel, per\u00f2 a la primera m\u00e0nega Miquel va fer un gir en sentit invers i va ser desqualificat, la qual cosa deixava la via lliure a Rodr\u00edguez sense fer gaires esfor\u00e7os. Qualsevol resultat li valia, per\u00f2 va fer primer de la jornada. Miquel va guanyar les altres dues m\u00e0negues, va ser segon al Bal\u00eds i obt\u00e9 el subcampionat. Tercer del dia i del torneig va ser Carlos Hidalgo, pilot del club organitzador. Rodr\u00edguez haur\u00e0 de pujar de categoria l\u2019any vinent\u00a0 per exig\u00e8ncies del reglament.<\/p>\n<p>Cal destacar que a la temporada 2022 s\u2019han disputat sis regates, una m\u00e9s que l\u2019any anterior, per\u00f2 el m\u00e9s important \u00e9s que la Federaci\u00f3 Catalana ha doblat el n\u00famero de categories, a les ja habituals de F4 i GP3 s\u2019ha sumat una altra categoria de motos de conducci\u00f3 dempeus, la GP1, i una categoria de Biplaces, que no va participar en aquesta cursa per raons t\u00e8cniques.<\/p>\n<p>L\u2019any 2023 augura notables expectatives.<\/p>\n<p>&nbsp;<\/p>\n<p><strong>Classificaci\u00f3 general<\/strong><\/p>\n<p><strong>Categoria F4<\/strong><\/p>\n<p>1r David Rodr\u00edguez, Moton\u00e0utic Club Amposta. 309 punts.<\/p>\n<p>2n Jordi Miquel Cos, FCM. 282,5 punts.<\/p>\n<p>3r Carlos Hidalgo, CN El Bal\u00eds. 217 punts.<\/p>\n<p><strong>Categoria GP3<\/strong><\/p>\n<p>1r Joan Sevil, Moton\u00e0utic Club Amposta. 298 punts.<\/p>\n<p>2n Roger Pujol, FCM. 283 punts.<\/p>\n<p>3r Lucas Oliver, FCM. 203 punts.<\/p>\n<p><strong>Categoria F1<\/strong><\/p>\n<p>1r Alex Velasco, FCM. 251 punts.<\/p>\n<p>2n Denis Munnikhuis, GEN Roses. 239 punts.<\/p>\n<p>3r Joan Sevil, Moton\u00e0utic Club Amposta. 190,5 punts.<\/p>\n<p><strong>Categoria Biplaces<\/strong><\/p>\n<p>1r David Rodr\u00edguez, Moton\u00e0utic Club Amposta. 130 punts<\/p>\n<p>2n Jes\u00fas Carvajal, Moton\u00e0utic Club Amposta. 120 punts.<\/p>\n<p>3r Nicol\u00e1s Lanfranco, FMM. 97 punts.<\/p>\n","protected":false},"excerpt":{"rendered":"<p>Jordi Miquel (8) i David Rodr\u00edguez (32) lluitant per la regata i pel campionat El passat dissabte dia 22 d\u2019octubre es va disputar al Club N\u00e0utic El Bal\u00eds la sisena i \u00faltima regata puntuable per al Campionat de Catalunya de motos aqu\u00e0tiques 2022, modalitat de circuit, sota l\u2019organitzaci\u00f3 de la Federaci\u00f3 Catalana de Moton\u00e0utica i [&hellip;]<\/p>\n","protected":false},"author":1,"featured_media":34607,"comment_status":"open","ping_status":"open","sticky":false,"template":"","format":"standard","meta":{"footnotes":""},"categories":[782],"tags":[],"class_list":["post-34483","post","type-post","status-publish","format-standard","has-post-thumbnail","hentry","category-esport"],"acf":[],"_links":{"self":[{"href":"https:\/\/www.cnelbalis.com\/ca\/wp-json\/wp\/v2\/posts\/34483","targetHints":{"allow":["GET"]}}],"collection":[{"href":"https:\/\/www.cnelbalis.com\/ca\/wp-json\/wp\/v2\/posts"}],"about":[{"href":"https:\/\/www.cnelbalis.com\/ca\/wp-json\/wp\/v2\/types\/post"}],"author":[{"embeddable":true,"href":"https:\/\/www.cnelbalis.com\/ca\/wp-json\/wp\/v2\/users\/1"}],"replies":[{"embeddable":true,"href":"https:\/\/www.cnelbalis.com\/ca\/wp-json\/wp\/v2\/comments?post=34483"}],"version-history":[{"count":3,"href":"https:\/\/www.cnelbalis.com\/ca\/wp-json\/wp\/v2\/posts\/34483\/revisions"}],"predecessor-version":[{"id":34611,"href":"https:\/\/www.cnelbalis.com\/ca\/wp-json\/wp\/v2\/posts\/34483\/revisions\/34611"}],"wp:featuredmedia":[{"embeddable":true,"href":"https:\/\/www.cnelbalis.com\/ca\/wp-json\/wp\/v2\/media\/34607"}],"wp:attachment":[{"href":"https:\/\/www.cnelbalis.com\/ca\/wp-json\/wp\/v2\/media?parent=34483"}],"wp:term":[{"taxonomy":"category","embeddable":true,"href":"https:\/\/www.cnelbalis.com\/ca\/wp-json\/wp\/v2\/categories?post=34483"},{"taxonomy":"post_tag","embeddable":true,"href":"https:\/\/www.cnelbalis.com\/ca\/wp-json\/wp\/v2\/tags?post=34483"}],"curies":[{"name":"wp","href":"https:\/\/api.w.org\/{rel}","templated":true}]}}