{"id":29526,"date":"2022-06-14T14:38:03","date_gmt":"2022-06-14T12:38:03","guid":{"rendered":"https:\/\/club.cnelbalis.com\/tornen-les-nits-destiu-al-cn-el-balis\/"},"modified":"2022-06-24T09:09:36","modified_gmt":"2022-06-24T07:09:36","slug":"tornen-les-nits-destiu-al-cn-el-balis","status":"publish","type":"post","link":"https:\/\/www.cnelbalis.com\/ca\/tornen-les-nits-destiu-al-cn-el-balis\/","title":{"rendered":"Tornen les Nits d&#8217;Estiu al CN El Bal\u00eds!"},"content":{"rendered":"<p><img loading=\"lazy\" decoding=\"async\" class=\"aligncenter wp-image-25075\" src=\"https:\/\/www.cnelbalis.com\/wp-content\/uploads\/vj-w\/-i\/LK_NITSDESTIU-scaled.jpg\" alt=\"\" width=\"920\" height=\"481\" \/><\/p>\n<p>&nbsp;<\/p>\n<p>Al Club N\u00e0utic El Bal\u00eds, i amb el patrocini de la immobili\u00e0ria de refer\u00e8ncia al Maresme <a href=\"https:\/\/www.lucasfox.es\/\">Lucas Fox<\/a>, celebrem l&#8217;estiu amb quatre nits de m\u00fasica, gastronomia i bon ambient. T&#8217;esperem a sobre de Can Jaume, a l&#8217;entrada sud del Port Bal\u00eds, per gaudir d&#8217;una estona de festa a la vora del mar.<\/p>\n<p>&nbsp;<\/p>\n<p><strong>Programa:<\/strong><\/p>\n<p>&nbsp;<\/p>\n<p><strong>16 de juny<\/strong><\/p>\n<p>19-00h Dj Jaume Caldas<\/p>\n<p>21-22.30h M\u00fasica en viu Sander Clasen &amp; The Band of Sand<\/p>\n<p>&nbsp;<\/p>\n<p><strong>7 de juliol<\/strong><\/p>\n<p>19-00h Dj Jaume Caldas<\/p>\n<p>21-22.30h M\u00fasica en viu Perversiones<\/p>\n<p>&nbsp;<\/p>\n<p><strong>25 d&#8217;agost<\/strong><\/p>\n<p>19-00h Dj Jaume Caldas<\/p>\n<p>21-22.30h M\u00fasica en viu Ricky Fargas<\/p>\n<p>&nbsp;<\/p>\n<p><strong>8 de setembre<\/strong><\/p>\n<p>19-00h Dj Jaume Caldas<\/p>\n<p>21-22.30h M\u00fasica en viu Mala Vida<\/p>\n<p>&nbsp;<\/p>\n","protected":false},"excerpt":{"rendered":"<p>&nbsp; Al Club N\u00e0utic El Bal\u00eds, i amb el patrocini de la immobili\u00e0ria de refer\u00e8ncia al Maresme Lucas Fox, celebrem l&#8217;estiu amb quatre nits de m\u00fasica, gastronomia i bon ambient. T&#8217;esperem a sobre de Can Jaume, a l&#8217;entrada sud del Port Bal\u00eds, per gaudir d&#8217;una estona de festa a la vora del mar. &nbsp; Programa: [&hellip;]<\/p>\n","protected":false},"author":1,"featured_media":4828,"comment_status":"open","ping_status":"open","sticky":false,"template":"","format":"standard","meta":{"footnotes":""},"categories":[2653,784],"tags":[],"class_list":["post-29526","post","type-post","status-publish","format-standard","has-post-thumbnail","hentry","category-activitats","category-altres"],"acf":[],"_links":{"self":[{"href":"https:\/\/www.cnelbalis.com\/ca\/wp-json\/wp\/v2\/posts\/29526","targetHints":{"allow":["GET"]}}],"collection":[{"href":"https:\/\/www.cnelbalis.com\/ca\/wp-json\/wp\/v2\/posts"}],"about":[{"href":"https:\/\/www.cnelbalis.com\/ca\/wp-json\/wp\/v2\/types\/post"}],"author":[{"embeddable":true,"href":"https:\/\/www.cnelbalis.com\/ca\/wp-json\/wp\/v2\/users\/1"}],"replies":[{"embeddable":true,"href":"https:\/\/www.cnelbalis.com\/ca\/wp-json\/wp\/v2\/comments?post=29526"}],"version-history":[{"count":1,"href":"https:\/\/www.cnelbalis.com\/ca\/wp-json\/wp\/v2\/posts\/29526\/revisions"}],"predecessor-version":[{"id":31502,"href":"https:\/\/www.cnelbalis.com\/ca\/wp-json\/wp\/v2\/posts\/29526\/revisions\/31502"}],"wp:featuredmedia":[{"embeddable":true,"href":"https:\/\/www.cnelbalis.com\/ca\/wp-json\/wp\/v2\/media\/4828"}],"wp:attachment":[{"href":"https:\/\/www.cnelbalis.com\/ca\/wp-json\/wp\/v2\/media?parent=29526"}],"wp:term":[{"taxonomy":"category","embeddable":true,"href":"https:\/\/www.cnelbalis.com\/ca\/wp-json\/wp\/v2\/categories?post=29526"},{"taxonomy":"post_tag","embeddable":true,"href":"https:\/\/www.cnelbalis.com\/ca\/wp-json\/wp\/v2\/tags?post=29526"}],"curies":[{"name":"wp","href":"https:\/\/api.w.org\/{rel}","templated":true}]}}