{"id":29525,"date":"2022-06-03T12:24:04","date_gmt":"2022-06-03T10:24:04","guid":{"rendered":"https:\/\/club.cnelbalis.com\/concessio-actualitzacio\/"},"modified":"2023-02-21T09:23:11","modified_gmt":"2023-02-21T08:23:11","slug":"concessio-actualitzacio","status":"publish","type":"post","link":"https:\/\/www.cnelbalis.com\/ca\/concessio-actualitzacio\/","title":{"rendered":"Concessi\u00f3 \u2013 ACTUALITZACI\u00d3"},"content":{"rendered":"<p><img loading=\"lazy\" decoding=\"async\" class=\"aligncenter size-full wp-image-25012\" src=\"https:\/\/www.cnelbalis.com\/wp-content\/uploads\/vj-w\/-i\/fegwegewr.png\" alt=\"\" width=\"1500\" height=\"957\" \/><\/p>\n<p>Benvolguts, benvolgudes<\/p>\n<p>Ens plau informar-los que ahir a les 21:25 hores es va rebre, per part de Ports de la Generalitat, la Resoluci\u00f3 Definitiva de l\u2019Autoritzaci\u00f3 per a la gesti\u00f3 del Port Bal\u00eds. En concret, la notificaci\u00f3 resol \u201c<em>AUTORITZAR PROVISIONALMENT al Club N\u00e0utic El Bal\u00eds l\u2019explotaci\u00f3 del port de El Bal\u00eds [\u2026] a comptar des del 4.06.2022, per un termini de quatre (4) anys\u201d.<\/em><\/p>\n<p>Aix\u00ed doncs, es confirmen les tarifes que els vam avan\u00e7ar i s&#8217;inicia els procediments de formalitzaci\u00f3 dels contractes.<\/p>\n<p>Restem a la seva disposici\u00f3 per a qualsevol dubte que puguin tenir.<\/p>\n<table width=\"100%\">\n<tbody>\n<tr>\n<td>\n<table width=\"100%\">\n<tbody>\n<tr>\n<td width=\"600\">\n<table width=\"100%\">\n<tbody>\n<tr>\n<td>02-06-2022<\/p>\n<p>Benvolguts, benvolgudes,<br \/>\nTal i com es va avan\u00e7ar en la comunicaci\u00f3 de data 24 de maig, els confirmem que a partir del proper 4 de juny de 2022 s\u2019inicia un <strong>per\u00edode de gesti\u00f3 transit\u00f2ria<\/strong> per part del Club N\u00e0utic El Bal\u00eds sobre la base de <strong>l\u2019autoritzaci\u00f3<\/strong> en proc\u00e9s d\u2019atorgar al Club per Ports de la Generalitat.<\/p>\n<p>Amb la finalitzaci\u00f3 del contracte de concessi\u00f3 el dia 3 de juny de 2022, <strong>decauen tots els drets d\u2019\u00fas<\/strong> dels usuaris, segons comunicat de la Generalitat de 18 de maig del 2022. Per tant, durant el nou per\u00edode autoritzat, <strong>la utilitzaci\u00f3 dels amarradors i dels panyols es regir\u00e0 per un contracte de cessi\u00f3 temporal en r\u00e8gim de lloguer que haur\u00e0 de ser formalitzat pels usuaris interessats abans del 31 de juliol de 2022<\/strong>, on es recolliran les condicions que regularan la nova relaci\u00f3 i que seran d\u2019aplicaci\u00f3 retroactiva des del 4 de juny de 2022.<\/p>\n<p>A continuaci\u00f3 poden consultar les <strong>tarifes <\/strong>d\u2019aplicaci\u00f3 aix\u00ed com les <strong>condicions <\/strong>que s\u2019establiran per aquest per\u00edode i una explicaci\u00f3 dels <strong>passos que cal seguir<\/strong> per la signatura dels nous contractes. En aquest sentit, <strong>seguim a l\u2019espera de la confirmaci\u00f3 oficial de les condicions definitives per\u00f2 els volem avan\u00e7ar tota la informaci\u00f3 necess\u00e0ria.<\/strong><\/p>\n<p>Atentament,<\/td>\n<\/tr>\n<\/tbody>\n<\/table>\n<\/td>\n<\/tr>\n<\/tbody>\n<\/table>\n<\/td>\n<\/tr>\n<\/tbody>\n<\/table>\n<table width=\"100%\">\n<tbody>\n<tr>\n<td>\n<table width=\"100%\">\n<tbody>\n<tr>\n<td><a href=\"https:\/\/cnelbalis.us10.list-manage.com\/track\/click?u=92ab74b6eec5213eefbcbbc64&amp;id=2311e54a82&amp;e=eb41dc6196\"><strong>TARIFA AMARRADORS SOCIS<\/strong><\/a><\/td>\n<\/tr>\n<\/tbody>\n<\/table>\n<\/td>\n<\/tr>\n<\/tbody>\n<\/table>\n<table width=\"100%\">\n<tbody>\n<tr>\n<td>\n<table width=\"100%\">\n<tbody>\n<tr>\n<td><a href=\"https:\/\/cnelbalis.us10.list-manage.com\/track\/click?u=92ab74b6eec5213eefbcbbc64&amp;id=18f97ef59f&amp;e=eb41dc6196\"><strong>TARIFA AMARRADORS TRANSEUNTS<\/strong><\/a><\/td>\n<\/tr>\n<\/tbody>\n<\/table>\n<\/td>\n<\/tr>\n<\/tbody>\n<\/table>\n<table width=\"100%\">\n<tbody>\n<tr>\n<td>\n<table width=\"100%\">\n<tbody>\n<tr>\n<td><a href=\"https:\/\/cnelbalis.us10.list-manage.com\/track\/click?u=92ab74b6eec5213eefbcbbc64&amp;id=c439298f14&amp;e=eb41dc6196\"><strong>TARIFA PANYOLS<\/strong><\/a><\/td>\n<\/tr>\n<\/tbody>\n<\/table>\n<\/td>\n<\/tr>\n<\/tbody>\n<\/table>\n<table width=\"100%\">\n<tbody>\n<tr>\n<td>\n<table width=\"100%\">\n<tbody>\n<tr>\n<td><a href=\"https:\/\/cnelbalis.us10.list-manage.com\/track\/click?u=92ab74b6eec5213eefbcbbc64&amp;id=a11be98dea&amp;e=eb41dc6196\"><strong>TARIFA P\u00c0RQUING SOCIS<\/strong><\/a><\/td>\n<\/tr>\n<\/tbody>\n<\/table>\n<\/td>\n<\/tr>\n<\/tbody>\n<\/table>\n<table width=\"100%\">\n<tbody>\n<tr>\n<td>\n<table width=\"100%\">\n<tbody>\n<tr>\n<td><a href=\"https:\/\/cnelbalis.us10.list-manage.com\/track\/click?u=92ab74b6eec5213eefbcbbc64&amp;id=0704713b32&amp;e=eb41dc6196\"><strong>TARIFA P\u00c0RQUING TRANSEUNTS<\/strong><\/a><\/td>\n<\/tr>\n<\/tbody>\n<\/table>\n<\/td>\n<\/tr>\n<\/tbody>\n<\/table>\n<table width=\"100%\">\n<tbody>\n<tr>\n<td>\n<table width=\"100%\">\n<tbody>\n<tr>\n<td><\/td>\n<td>\n<table width=\"100%\">\n<tbody>\n<tr>\n<td>\n<table width=\"100%\">\n<tbody>\n<tr>\n<td>A continuaci\u00f3 pot consultar les condicions per a la signatura del nou contracte aix\u00ed com les passes a seguir per a tots els usuaris<\/td>\n<\/tr>\n<\/tbody>\n<\/table>\n<\/td>\n<\/tr>\n<\/tbody>\n<\/table>\n<\/td>\n<\/tr>\n<\/tbody>\n<\/table>\n<\/td>\n<\/tr>\n<\/tbody>\n<\/table>\n<table width=\"100%\">\n<tbody>\n<tr>\n<td>\n<table width=\"100%\">\n<tbody>\n<tr>\n<td><a href=\"https:\/\/cnelbalis.us10.list-manage.com\/track\/click?u=92ab74b6eec5213eefbcbbc64&amp;id=ad49431fe9&amp;e=eb41dc6196\"><strong>CONDICIONS GENERALS<\/strong><\/a><\/td>\n<\/tr>\n<\/tbody>\n<\/table>\n<\/td>\n<\/tr>\n<\/tbody>\n<\/table>\n<p>&nbsp;<\/p>\n","protected":false},"excerpt":{"rendered":"<p>Benvolguts, benvolgudes Ens plau informar-los que ahir a les 21:25 hores es va rebre, per part de Ports de la Generalitat, la Resoluci\u00f3 Definitiva de l\u2019Autoritzaci\u00f3 per a la gesti\u00f3 del Port Bal\u00eds. En concret, la notificaci\u00f3 resol \u201cAUTORITZAR PROVISIONALMENT al Club N\u00e0utic El Bal\u00eds l\u2019explotaci\u00f3 del port de El Bal\u00eds [\u2026] a comptar des [&hellip;]<\/p>\n","protected":false},"author":1,"featured_media":4823,"comment_status":"open","ping_status":"open","sticky":false,"template":"","format":"standard","meta":{"footnotes":""},"categories":[2653,784],"tags":[],"class_list":["post-29525","post","type-post","status-publish","format-standard","has-post-thumbnail","hentry","category-activitats","category-altres"],"acf":[],"_links":{"self":[{"href":"https:\/\/www.cnelbalis.com\/ca\/wp-json\/wp\/v2\/posts\/29525","targetHints":{"allow":["GET"]}}],"collection":[{"href":"https:\/\/www.cnelbalis.com\/ca\/wp-json\/wp\/v2\/posts"}],"about":[{"href":"https:\/\/www.cnelbalis.com\/ca\/wp-json\/wp\/v2\/types\/post"}],"author":[{"embeddable":true,"href":"https:\/\/www.cnelbalis.com\/ca\/wp-json\/wp\/v2\/users\/1"}],"replies":[{"embeddable":true,"href":"https:\/\/www.cnelbalis.com\/ca\/wp-json\/wp\/v2\/comments?post=29525"}],"version-history":[{"count":5,"href":"https:\/\/www.cnelbalis.com\/ca\/wp-json\/wp\/v2\/posts\/29525\/revisions"}],"predecessor-version":[{"id":35240,"href":"https:\/\/www.cnelbalis.com\/ca\/wp-json\/wp\/v2\/posts\/29525\/revisions\/35240"}],"wp:featuredmedia":[{"embeddable":true,"href":"https:\/\/www.cnelbalis.com\/ca\/wp-json\/wp\/v2\/media\/4823"}],"wp:attachment":[{"href":"https:\/\/www.cnelbalis.com\/ca\/wp-json\/wp\/v2\/media?parent=29525"}],"wp:term":[{"taxonomy":"category","embeddable":true,"href":"https:\/\/www.cnelbalis.com\/ca\/wp-json\/wp\/v2\/categories?post=29525"},{"taxonomy":"post_tag","embeddable":true,"href":"https:\/\/www.cnelbalis.com\/ca\/wp-json\/wp\/v2\/tags?post=29525"}],"curies":[{"name":"wp","href":"https:\/\/api.w.org\/{rel}","templated":true}]}}