{"id":29520,"date":"2022-04-29T10:01:34","date_gmt":"2022-04-29T08:01:34","guid":{"rendered":"https:\/\/club.cnelbalis.com\/neix-el-balis-gourmet-la-nova-marca-de-restauracio-del-port-balis\/"},"modified":"2022-06-24T09:01:56","modified_gmt":"2022-06-24T07:01:56","slug":"neix-el-balis-gourmet-la-nova-marca-de-restauracio-del-port-balis","status":"publish","type":"post","link":"https:\/\/www.cnelbalis.com\/ca\/neix-el-balis-gourmet-la-nova-marca-de-restauracio-del-port-balis\/","title":{"rendered":"Neix El Bal\u00eds Gourmet, la nova marca de restauraci\u00f3 del Port Bal\u00eds"},"content":{"rendered":"<p>El Club\u00a0<span class=\"hiddenGrammarError\">N\u00e0utic El<\/span>\u00a0Bal\u00eds \u00e9s el punt de\u00a0<span class=\"hiddenGrammarError\" style=\"padding-bottom: 2px; background-image: url('..\/..\/..\/..\/..\/images\/squiggle.png'); background-repeat: repeat-x; background-position: left bottom; cursor: default; color: #000000; font-family: 'Open Sans', Helvetica, Arial, sans-serif; font-size: 16px; font-style: normal; font-variant-ligatures: normal; font-variant-caps: normal; font-weight: 300; letter-spacing: normal; orphans: 2; text-align: start; text-indent: 0px; text-transform: none; white-space: normal; widows: 2; word-spacing: 0px; -webkit-text-stroke-width: 0px; text-decoration-thickness: initial; text-decoration-style: initial; text-decoration-color: initial;\">referencia<\/span>\u00a0de la cultura n\u00e0utica de Catalunya. Ara, fem un pas m\u00e9s enll\u00e0\u00a0<span class=\"hiddenGrammarError\">llan\u00e7ant El<\/span>\u00a0Bal\u00eds\u00a0<span class=\"hiddenSpellError\">Gourmet<\/span>, un nou projecte que neix amb l&#8217;objectiu de refor\u00e7ar el model de negoci del Port Bal\u00eds, posicionar-lo com a un dest\u00ed gastron\u00f2mic referent gr\u00e0cies a l&#8217;<span class=\"hiddenGrammarError\">amplia<\/span>\u00a0varietat de restaurants i atraure a nou p\u00fablic al port que busqui noves experi\u00e8ncies d&#8217;oci. Actualment, comptem amb 13 restaurants i locals de copes, tot i que els\u00a0<span class=\"hiddenGreenError\">propers anys<\/span>\u00a0esperem incrementar aquest n\u00famero.<\/p>\n<p>Els restaurants estan situats al costat del mar, oferint als clients unes vistes privilegiades des del port Esportiu. Oberts a tots els p\u00fablics, els comensals poden gaudir de la comoditat d&#8217;unes instal\u00b7lacions exclusives, un bon servei i una\u00a0\u00e0mplia\u00a0oferta gastron\u00f2mica: comen\u00e7ant per la millor cuina de mercat i productes de la terra, passant per la cuina asi\u00e0tica, seguint per la italiana, sense oblidar la cuina marinera, entre d&#8217;altres.<\/p>\n<p>Per tal d&#8217;arrencar aquest projecte i mostrar la il\u00b7lusi\u00f3 i el treball que hi ha darrere del mateix per fer un port encara\u00a0m\u00e9s\u00a0din\u00e0mic, al llarg de l&#8217;any organitzarem diferents iniciatives i esdeveniments especials\u00a0perqu\u00e8\u00a0pugueu\u00a0<span class=\"hiddenGreenError\" style=\"padding-bottom: 2px; background-image: url('..\/..\/..\/..\/..\/images\/squiggle_green.png'); background-repeat: repeat-x; background-position: left bottom; cursor: default; color: #000000; font-family: 'Open Sans', Helvetica, Arial, sans-serif; font-size: 16px; font-style: normal; font-variant-ligatures: normal; font-variant-caps: normal; font-weight: 300; letter-spacing: normal; orphans: 2; text-align: start; text-indent: 0px; text-transform: none; white-space: normal; widows: 2; word-spacing: 0px; -webkit-text-stroke-width: 0px; text-decoration-thickness: initial; text-decoration-style: initial; text-decoration-color: initial;\">gaudir<\/span>\u00a0amb familiars o amics, com la fira port Bal\u00eds, que\u00a0<span class=\"hiddenGreenError\" style=\"padding-bottom: 2px; background-image: url('..\/..\/..\/..\/..\/images\/squiggle_green.png'); background-repeat: repeat-x; background-position: left bottom; cursor: default; color: #000000; font-family: 'Open Sans', Helvetica, Arial, sans-serif; font-size: 16px; font-style: normal; font-variant-ligatures: normal; font-variant-caps: normal; font-weight: 300; letter-spacing: normal; orphans: 2; text-align: start; text-indent: 0px; text-transform: none; white-space: normal; widows: 2; word-spacing: 0px; -webkit-text-stroke-width: 0px; text-decoration-thickness: initial; text-decoration-style: initial; text-decoration-color: initial;\">es<\/span> celebrar\u00e0 els propers 10,11 i 12 de juny. A m\u00e9s, estigueu atentes i atents perqu\u00e8 es faran accions a les xarxes socials per fer-vos part\u00edcips dels propers anuncis del Club N\u00e0utic.<\/p>\n","protected":false},"excerpt":{"rendered":"<p>El Club\u00a0N\u00e0utic El\u00a0Bal\u00eds \u00e9s el punt de\u00a0referencia\u00a0de la cultura n\u00e0utica de Catalunya. Ara, fem un pas m\u00e9s enll\u00e0\u00a0llan\u00e7ant El\u00a0Bal\u00eds\u00a0Gourmet, un nou projecte que neix amb l&#8217;objectiu de refor\u00e7ar el model de negoci del Port Bal\u00eds, posicionar-lo com a un dest\u00ed gastron\u00f2mic referent gr\u00e0cies a l&#8217;amplia\u00a0varietat de restaurants i atraure a nou p\u00fablic al port que [&hellip;]<\/p>\n","protected":false},"author":1,"featured_media":0,"comment_status":"open","ping_status":"open","sticky":false,"template":"","format":"standard","meta":{"footnotes":""},"categories":[784],"tags":[],"class_list":["post-29520","post","type-post","status-publish","format-standard","hentry","category-altres"],"acf":[],"_links":{"self":[{"href":"https:\/\/www.cnelbalis.com\/ca\/wp-json\/wp\/v2\/posts\/29520","targetHints":{"allow":["GET"]}}],"collection":[{"href":"https:\/\/www.cnelbalis.com\/ca\/wp-json\/wp\/v2\/posts"}],"about":[{"href":"https:\/\/www.cnelbalis.com\/ca\/wp-json\/wp\/v2\/types\/post"}],"author":[{"embeddable":true,"href":"https:\/\/www.cnelbalis.com\/ca\/wp-json\/wp\/v2\/users\/1"}],"replies":[{"embeddable":true,"href":"https:\/\/www.cnelbalis.com\/ca\/wp-json\/wp\/v2\/comments?post=29520"}],"version-history":[{"count":1,"href":"https:\/\/www.cnelbalis.com\/ca\/wp-json\/wp\/v2\/posts\/29520\/revisions"}],"predecessor-version":[{"id":31496,"href":"https:\/\/www.cnelbalis.com\/ca\/wp-json\/wp\/v2\/posts\/29520\/revisions\/31496"}],"wp:attachment":[{"href":"https:\/\/www.cnelbalis.com\/ca\/wp-json\/wp\/v2\/media?parent=29520"}],"wp:term":[{"taxonomy":"category","embeddable":true,"href":"https:\/\/www.cnelbalis.com\/ca\/wp-json\/wp\/v2\/categories?post=29520"},{"taxonomy":"post_tag","embeddable":true,"href":"https:\/\/www.cnelbalis.com\/ca\/wp-json\/wp\/v2\/tags?post=29520"}],"curies":[{"name":"wp","href":"https:\/\/api.w.org\/{rel}","templated":true}]}}