{"id":29519,"date":"2022-04-27T15:35:50","date_gmt":"2022-04-27T13:35:50","guid":{"rendered":"https:\/\/club.cnelbalis.com\/plastic-age-activitat-mediambiental-club-nautic-el-balis\/"},"modified":"2023-03-16T17:07:32","modified_gmt":"2023-03-16T16:07:32","slug":"plastic-age-activitat-mediambiental-club-nautic-el-balis","status":"publish","type":"post","link":"https:\/\/www.cnelbalis.com\/ca\/plastic-age-activitat-mediambiental-club-nautic-el-balis\/","title":{"rendered":"Plastic Age: Activitat Mediambiental Club N\u00e0utic El Bal\u00eds"},"content":{"rendered":"<p>Al Club N\u00e0utic El Bal\u00eds continuem refor\u00e7ant el nostre comprom\u00eds amb la sostenibilitat i la cura del nostre entorn. \u00c9s per aix\u00f2 que el proper 7 de maig a les 11h, de la m\u00e0 de <a href=\"https:\/\/www.sednaproject.com\/proyecto\">Sedna Project<\/a>, es celebrar\u00e0 \u201cPlastic Age\u201d, una nova sessi\u00f3 de la primera edici\u00f3 de les nostres xerrades mediambientals en la qual els 30 primers assistents rebran un obsequi de benvinguda sorpresa.<\/p>\n<p>La sessi\u00f3 es gratu\u00efta i est\u00e0 oberta a tots el p\u00fablic que estigui interessat. Siguin o no socis del club n\u00e0utic. Enfocada especialment a fam\u00edlies que vulguin gaudir d\u2019una activitat l\u00fadica i did\u00e0ctica.<\/p>\n<p>El principal objectiu de la sessi\u00f3 ser\u00e0 analitzar la problem\u00e0tica dels pl\u00e0stics, com arriben al mar, temps de vida i quina alternativa hi ha, a m\u00e9s de conscienciar de la import\u00e0ncia de cuidar els espais naturals.<\/p>\n<p>Els oceans s\u00f3n els encarregats de generar el 50% de l&#8217;oxigen que s&#8217;expulsa a l&#8217;atmosfera. No obstant aix\u00f2, al ritme que estem contaminant l\u2019aigua, al voltant de 12,7 milions de tones de pl\u00e0stic a l&#8217;any, el mal que estem fent a la vida marina i al nostre ecosistema s&#8217;est\u00e0 tornant irreparable. \u00c9s per aix\u00f2 que, en finalitzar la xerrada, hem preparat una activitat de recollida de pl\u00e0stics a la Platja del Bal\u00eds.<\/p>\n<p>La jornada est\u00e0 emmarcada dins de la campanya de la Federaci\u00f3 Catalana de Vela \u201cPer un mar sense residus\u201d.<\/p>\n<p>Es demana confirmar assist\u00e8ncia i n\u00famero d\u2019acompanyants enviant un correu electr\u00f2nic a esports@cnelbalis.com.<\/p>\n","protected":false},"excerpt":{"rendered":"<p>Al Club N\u00e0utic El Bal\u00eds continuem refor\u00e7ant el nostre comprom\u00eds amb la sostenibilitat i la cura del nostre entorn. \u00c9s per aix\u00f2 que el proper 7 de maig a les 11h, de la m\u00e0 de Sedna Project, es celebrar\u00e0 \u201cPlastic Age\u201d, una nova sessi\u00f3 de la primera edici\u00f3 de les nostres xerrades mediambientals en la [&hellip;]<\/p>\n","protected":false},"author":1,"featured_media":31510,"comment_status":"open","ping_status":"open","sticky":false,"template":"","format":"standard","meta":{"footnotes":""},"categories":[2653,784],"tags":[],"class_list":["post-29519","post","type-post","status-publish","format-standard","has-post-thumbnail","hentry","category-activitats","category-altres"],"acf":[],"_links":{"self":[{"href":"https:\/\/www.cnelbalis.com\/ca\/wp-json\/wp\/v2\/posts\/29519","targetHints":{"allow":["GET"]}}],"collection":[{"href":"https:\/\/www.cnelbalis.com\/ca\/wp-json\/wp\/v2\/posts"}],"about":[{"href":"https:\/\/www.cnelbalis.com\/ca\/wp-json\/wp\/v2\/types\/post"}],"author":[{"embeddable":true,"href":"https:\/\/www.cnelbalis.com\/ca\/wp-json\/wp\/v2\/users\/1"}],"replies":[{"embeddable":true,"href":"https:\/\/www.cnelbalis.com\/ca\/wp-json\/wp\/v2\/comments?post=29519"}],"version-history":[{"count":2,"href":"https:\/\/www.cnelbalis.com\/ca\/wp-json\/wp\/v2\/posts\/29519\/revisions"}],"predecessor-version":[{"id":36120,"href":"https:\/\/www.cnelbalis.com\/ca\/wp-json\/wp\/v2\/posts\/29519\/revisions\/36120"}],"wp:featuredmedia":[{"embeddable":true,"href":"https:\/\/www.cnelbalis.com\/ca\/wp-json\/wp\/v2\/media\/31510"}],"wp:attachment":[{"href":"https:\/\/www.cnelbalis.com\/ca\/wp-json\/wp\/v2\/media?parent=29519"}],"wp:term":[{"taxonomy":"category","embeddable":true,"href":"https:\/\/www.cnelbalis.com\/ca\/wp-json\/wp\/v2\/categories?post=29519"},{"taxonomy":"post_tag","embeddable":true,"href":"https:\/\/www.cnelbalis.com\/ca\/wp-json\/wp\/v2\/tags?post=29519"}],"curies":[{"name":"wp","href":"https:\/\/api.w.org\/{rel}","templated":true}]}}