{"id":29518,"date":"2022-04-20T10:30:53","date_gmt":"2022-04-20T08:30:53","guid":{"rendered":"https:\/\/club.cnelbalis.com\/el-campionat-de-catalunya-doptimist-acaba-amb-cinc-regatistes-del-cn-balis-convocats-amb-la-seleccio-catalana\/"},"modified":"2022-06-24T09:17:11","modified_gmt":"2022-06-24T07:17:11","slug":"el-campionat-de-catalunya-doptimist-acaba-amb-cinc-regatistes-del-cn-balis-convocats-amb-la-seleccio-catalana","status":"publish","type":"post","link":"https:\/\/www.cnelbalis.com\/ca\/el-campionat-de-catalunya-doptimist-acaba-amb-cinc-regatistes-del-cn-balis-convocats-amb-la-seleccio-catalana\/","title":{"rendered":"El Campionat de Catalunya d\u2019Optimist acaba amb cinc regatistes del CN Bal\u00eds convocats amb la selecci\u00f3 catalana"},"content":{"rendered":"<p>El Club N\u00e0utic El Bal\u00eds va acollir el passat cap de setmana el Campionat de Catalunya d\u2019Optimist, que tot i el mal temps va poder celebrar el segon cap de setmana amb una participaci\u00f3 de 16 clubs n\u00e0utics i 140 embarcacions vinguts d\u2019arreu del territori catal\u00e0.<\/p>\n<p>El Campionat va estar marcat pel fort vent de component nord-est, que dissabte va arribar als 28 nusos. Durant el diumenge, el vent es va calmar sobretot durant el migdia, fent possible la competici\u00f3, que va constar de 10 proves en total.<\/p>\n<p>Daniel Garcia, del Club N\u00e0utic Masnou va ser el guanyador del Campionat, seguit per dos embarcacions del Club N\u00e0utic Cambrils, tripulades per Joan Domingo i Miguel Garc\u00eda respectivament. Joan Hadzi i J\u00falia Pe\u00f1a van ser els millors posicionats per part del CN El Bal\u00eds, acabant en novena i desena posici\u00f3 respectivament.<\/p>\n<p>El Campionat de Catalunya serveix, a m\u00e9s, per puntuar al r\u00e0nquing catal\u00e0 i decidir els integrants de la selecci\u00f3, que representaran Catalunya en el Campionat d\u2019Espanya d\u2019Optimist, previst per aquest cap de setmana al Club N\u00e0utic El Masnou. L\u2019equip catal\u00e0 comptar\u00e0 en aquesta competici\u00f3 amb cinc regatistes del Bal\u00eds.<\/p>\n","protected":false},"excerpt":{"rendered":"<p>El Club N\u00e0utic El Bal\u00eds va acollir el passat cap de setmana el Campionat de Catalunya d\u2019Optimist, que tot i el mal temps va poder celebrar el segon cap de setmana amb una participaci\u00f3 de 16 clubs n\u00e0utics i 140 embarcacions vinguts d\u2019arreu del territori catal\u00e0. El Campionat va estar marcat pel fort vent de [&hellip;]<\/p>\n","protected":false},"author":1,"featured_media":31516,"comment_status":"open","ping_status":"open","sticky":false,"template":"","format":"standard","meta":{"footnotes":""},"categories":[2653,784],"tags":[],"class_list":["post-29518","post","type-post","status-publish","format-standard","has-post-thumbnail","hentry","category-activitats","category-altres"],"acf":[],"_links":{"self":[{"href":"https:\/\/www.cnelbalis.com\/ca\/wp-json\/wp\/v2\/posts\/29518","targetHints":{"allow":["GET"]}}],"collection":[{"href":"https:\/\/www.cnelbalis.com\/ca\/wp-json\/wp\/v2\/posts"}],"about":[{"href":"https:\/\/www.cnelbalis.com\/ca\/wp-json\/wp\/v2\/types\/post"}],"author":[{"embeddable":true,"href":"https:\/\/www.cnelbalis.com\/ca\/wp-json\/wp\/v2\/users\/1"}],"replies":[{"embeddable":true,"href":"https:\/\/www.cnelbalis.com\/ca\/wp-json\/wp\/v2\/comments?post=29518"}],"version-history":[{"count":1,"href":"https:\/\/www.cnelbalis.com\/ca\/wp-json\/wp\/v2\/posts\/29518\/revisions"}],"predecessor-version":[{"id":31494,"href":"https:\/\/www.cnelbalis.com\/ca\/wp-json\/wp\/v2\/posts\/29518\/revisions\/31494"}],"wp:featuredmedia":[{"embeddable":true,"href":"https:\/\/www.cnelbalis.com\/ca\/wp-json\/wp\/v2\/media\/31516"}],"wp:attachment":[{"href":"https:\/\/www.cnelbalis.com\/ca\/wp-json\/wp\/v2\/media?parent=29518"}],"wp:term":[{"taxonomy":"category","embeddable":true,"href":"https:\/\/www.cnelbalis.com\/ca\/wp-json\/wp\/v2\/categories?post=29518"},{"taxonomy":"post_tag","embeddable":true,"href":"https:\/\/www.cnelbalis.com\/ca\/wp-json\/wp\/v2\/tags?post=29518"}],"curies":[{"name":"wp","href":"https:\/\/api.w.org\/{rel}","templated":true}]}}