{"id":29503,"date":"2022-02-14T08:52:48","date_gmt":"2022-02-14T07:52:48","guid":{"rendered":"https:\/\/club.cnelbalis.com\/julia-gomez-roa-es-corona-campiona-despanya-u19-de-la-classe-iqfoil\/"},"modified":"2022-06-24T09:01:50","modified_gmt":"2022-06-24T07:01:50","slug":"julia-gomez-roa-es-corona-campiona-despanya-u19-de-la-classe-iqfoil","status":"publish","type":"post","link":"https:\/\/www.cnelbalis.com\/ca\/julia-gomez-roa-es-corona-campiona-despanya-u19-de-la-classe-iqfoil\/","title":{"rendered":"J\u00falia G\u00f3mez Roa es corona Campiona d\u2019Espanya U19 de la classe IQFOIL"},"content":{"rendered":"<p>El passat cap de setmana es va celebrar a Torrevieja la setena edici\u00f3 de la Comunitat Valenciana Olympic Week. La competici\u00f3 va tenir una duraci\u00f3 de quatre dies i hi van competir dinou modalitats de vela lleugera, amb una participaci\u00f3 de m\u00e9s de 600 regatistes vinguts de m\u00e9s d\u2019onze pa\u00efsos.<\/p>\n<p>A la classe IQFOIL la regatista del CN El Bal\u00eds J\u00falia G\u00f3mez va aconseguir l\u2019or, convertint-se en la primera campiona d\u2019Espanya de winsdurf del club. Tot i la falta de vent en algunes jornades de la competici\u00f3, finalment el temps va permetre la celebraci\u00f3 de les proves d\u2019una de les classes m\u00e9s espectaculars dels esport mar\u00edtims i futura disciplina ol\u00edmpica.<\/p>\n<p>Des del club volem felicitar a la J\u00falia i al seu equip t\u00e8cnic per aquest gran \u00e8xit i animar-la a continuar treballant en la seva prometedora carrera esportiva.<\/p>\n<p>A banda del gran \u00e8xit de la J\u00falia \u00a0G\u00f3mez, la representaci\u00f3 del CN El Bal\u00eds tamb\u00e9 va comptar amb els regatistes Lucas Garc\u00eda, Pedro Fern\u00e1ndez i Rodrigo Pe\u00f1a, que es van posar a prova aconseguint molta experi\u00e8ncia i coneixement.<\/p>\n<p dir=\"ltr\" data-placeholder=\"Traducci\u00f3n\"><img loading=\"lazy\" decoding=\"async\" class=\"size-medium wp-image-24630 aligncenter\" src=\"https:\/\/www.cnelbalis.com\/wp-content\/uploads\/vj-w\/-i\/2-2-224x300.jpg\" alt=\"\" width=\"224\" height=\"300\" \/><\/p>\n<p dir=\"ltr\" data-placeholder=\"Traducci\u00f3n\"><img loading=\"lazy\" decoding=\"async\" class=\"size-medium wp-image-24626 aligncenter\" src=\"https:\/\/www.cnelbalis.com\/wp-content\/uploads\/vj-w\/-i\/1-2-300x236.jpg\" alt=\"\" width=\"300\" height=\"236\" \/><\/p>\n<p dir=\"ltr\" data-placeholder=\"Traducci\u00f3n\">\n","protected":false},"excerpt":{"rendered":"<p>El passat cap de setmana es va celebrar a Torrevieja la setena edici\u00f3 de la Comunitat Valenciana Olympic Week. La competici\u00f3 va tenir una duraci\u00f3 de quatre dies i hi van competir dinou modalitats de vela lleugera, amb una participaci\u00f3 de m\u00e9s de 600 regatistes vinguts de m\u00e9s d\u2019onze pa\u00efsos. A la classe IQFOIL la [&hellip;]<\/p>\n","protected":false},"author":1,"featured_media":6547,"comment_status":"open","ping_status":"open","sticky":false,"template":"","format":"standard","meta":{"footnotes":""},"categories":[782,23],"tags":[],"class_list":["post-29503","post","type-post","status-publish","format-standard","has-post-thumbnail","hentry","category-esport","category-vela"],"acf":[],"_links":{"self":[{"href":"https:\/\/www.cnelbalis.com\/ca\/wp-json\/wp\/v2\/posts\/29503","targetHints":{"allow":["GET"]}}],"collection":[{"href":"https:\/\/www.cnelbalis.com\/ca\/wp-json\/wp\/v2\/posts"}],"about":[{"href":"https:\/\/www.cnelbalis.com\/ca\/wp-json\/wp\/v2\/types\/post"}],"author":[{"embeddable":true,"href":"https:\/\/www.cnelbalis.com\/ca\/wp-json\/wp\/v2\/users\/1"}],"replies":[{"embeddable":true,"href":"https:\/\/www.cnelbalis.com\/ca\/wp-json\/wp\/v2\/comments?post=29503"}],"version-history":[{"count":1,"href":"https:\/\/www.cnelbalis.com\/ca\/wp-json\/wp\/v2\/posts\/29503\/revisions"}],"predecessor-version":[{"id":31479,"href":"https:\/\/www.cnelbalis.com\/ca\/wp-json\/wp\/v2\/posts\/29503\/revisions\/31479"}],"wp:featuredmedia":[{"embeddable":true,"href":"https:\/\/www.cnelbalis.com\/ca\/wp-json\/wp\/v2\/media\/6547"}],"wp:attachment":[{"href":"https:\/\/www.cnelbalis.com\/ca\/wp-json\/wp\/v2\/media?parent=29503"}],"wp:term":[{"taxonomy":"category","embeddable":true,"href":"https:\/\/www.cnelbalis.com\/ca\/wp-json\/wp\/v2\/categories?post=29503"},{"taxonomy":"post_tag","embeddable":true,"href":"https:\/\/www.cnelbalis.com\/ca\/wp-json\/wp\/v2\/tags?post=29503"}],"curies":[{"name":"wp","href":"https:\/\/api.w.org\/{rel}","templated":true}]}}