{"id":29493,"date":"2021-11-25T10:43:23","date_gmt":"2021-11-25T09:43:23","guid":{"rendered":"https:\/\/club.cnelbalis.com\/obertes-les-inscripcions-de-la-medsailing-europcup-29er\/"},"modified":"2022-06-24T09:01:45","modified_gmt":"2022-06-24T07:01:45","slug":"obertes-les-inscripcions-de-la-medsailing-europcup-29er","status":"publish","type":"post","link":"https:\/\/www.cnelbalis.com\/ca\/obertes-les-inscripcions-de-la-medsailing-europcup-29er\/","title":{"rendered":"Obertes les inscripcions de la MedSailing \u2013 Europcup 29er"},"content":{"rendered":"<p>Aquesta setmana ja hem obert les inscripcions per la MedSailing 2022 que tindr\u00e0 lloc del 17 al 20 de febrer al CN El Bal\u00eds. Durant aquesta competici\u00f3, com ja \u00e9s habitual, se celebrar\u00e0 la 1a parada del circuit Eurocup de 29er i servir\u00e0 com a Test Event del Campionat del m\u00f3n d\u2019aquesta classe que tindr\u00e0 lloc a les mateixes aig\u00fces de Sant Andreu de Llavaneres del 29 de juliol al 6 d\u2019agost del 2022.<\/p>\n<p>Les inscripcions per la MedSailing estaran obertes fins al 16 de febrer. No obstant, des d\u2019ara i fins l\u20191 de febrer el fee \u00e9s inferior al que s\u2019haur\u00e0 de pagar si es registren despr\u00e9s d\u2019aquesta data.<br \/>\nEl programa previst pels dies de competici\u00f3 el trobar\u00e0s a l\u2019anunci de regata penjat al TOA virtual de la regata, <a href=\"http:\/\/cnelbalis.sailti.com\/es\/default\/races\/race\/text\/medsailing-eurocup-1-es-4-es\" target=\"_blank\" rel=\"noopener noreferrer\">aqu\u00ed<\/a>.<\/p>\n<p>La MedSailing \u2013 Eurocup de 29er #1 ser\u00e0 un \u201cTest Event\u201d pel Mundial. Durant l\u2019any vinent ser\u00e0 en dues ocasions quan les aig\u00fces de Llavaneres s\u2019ompliran d\u2019embarcacions internacionals en unes competicions on es preveu un alt nivell de regatistes.<\/p>\n<p>Fa gaireb\u00e9 10 anys que el Club \u00e9s una de les parades obligat\u00f2ries al calendari per celebrar la primera prova del circuit Eurocup de 29er.<\/p>\n<p>&nbsp;<\/p>\n\n","protected":false},"excerpt":{"rendered":"<p>Aquesta setmana ja hem obert les inscripcions per la MedSailing 2022 que tindr\u00e0 lloc del 17 al 20 de febrer al CN El Bal\u00eds. Durant aquesta competici\u00f3, com ja \u00e9s habitual, se celebrar\u00e0 la 1a parada del circuit Eurocup de 29er i servir\u00e0 com a Test Event del Campionat del m\u00f3n d\u2019aquesta classe que tindr\u00e0 [&hellip;]<\/p>\n","protected":false},"author":1,"featured_media":0,"comment_status":"open","ping_status":"open","sticky":false,"template":"","format":"standard","meta":{"footnotes":""},"categories":[23],"tags":[110,111,157,34,57],"class_list":["post-29493","post","type-post","status-publish","format-standard","hentry","category-vela","tag-29er","tag-eurocup","tag-medailing","tag-medsailing","tag-mundial"],"acf":[],"_links":{"self":[{"href":"https:\/\/www.cnelbalis.com\/ca\/wp-json\/wp\/v2\/posts\/29493","targetHints":{"allow":["GET"]}}],"collection":[{"href":"https:\/\/www.cnelbalis.com\/ca\/wp-json\/wp\/v2\/posts"}],"about":[{"href":"https:\/\/www.cnelbalis.com\/ca\/wp-json\/wp\/v2\/types\/post"}],"author":[{"embeddable":true,"href":"https:\/\/www.cnelbalis.com\/ca\/wp-json\/wp\/v2\/users\/1"}],"replies":[{"embeddable":true,"href":"https:\/\/www.cnelbalis.com\/ca\/wp-json\/wp\/v2\/comments?post=29493"}],"version-history":[{"count":1,"href":"https:\/\/www.cnelbalis.com\/ca\/wp-json\/wp\/v2\/posts\/29493\/revisions"}],"predecessor-version":[{"id":31470,"href":"https:\/\/www.cnelbalis.com\/ca\/wp-json\/wp\/v2\/posts\/29493\/revisions\/31470"}],"wp:attachment":[{"href":"https:\/\/www.cnelbalis.com\/ca\/wp-json\/wp\/v2\/media?parent=29493"}],"wp:term":[{"taxonomy":"category","embeddable":true,"href":"https:\/\/www.cnelbalis.com\/ca\/wp-json\/wp\/v2\/categories?post=29493"},{"taxonomy":"post_tag","embeddable":true,"href":"https:\/\/www.cnelbalis.com\/ca\/wp-json\/wp\/v2\/tags?post=29493"}],"curies":[{"name":"wp","href":"https:\/\/api.w.org\/{rel}","templated":true}]}}