{"id":29488,"date":"2021-11-11T12:44:37","date_gmt":"2021-11-11T11:44:37","guid":{"rendered":"https:\/\/club.cnelbalis.com\/top-10-per-a-max-rondeau-i-mar-garcia-al-mundial-de-nacra-15\/"},"modified":"2022-06-24T09:01:44","modified_gmt":"2022-06-24T07:01:44","slug":"top-10-per-a-max-rondeau-i-mar-garcia-al-mundial-de-nacra-15","status":"publish","type":"post","link":"https:\/\/www.cnelbalis.com\/ca\/top-10-per-a-max-rondeau-i-mar-garcia-al-mundial-de-nacra-15\/","title":{"rendered":"Top 10 per a Max Rondeau i Mar Garc\u00eda al Mundial de Nacra 15"},"content":{"rendered":"<p><strong>El duet va tenir opcions de finalitzar entre els cinc primers fins a la darrera jornada.<\/strong><\/p>\n<p>L&#8217;equip espanyol de Nacra 15 format per Max Rondeau i Mar Garc\u00eda (CN Arenys de Mar \/ CN El Bal\u00eds), va finalitzar a la desena posici\u00f3 del campionat del m\u00f3n d&#8217;aquesta classe, embarcaci\u00f3 de desenvolupament pr\u00e8via al salt a la categoria ol\u00edmpica Nacra 17. El campionat del m\u00f3n va tindre lloc del 30 d&#8217;octubre al 5 de novembre a Fran\u00e7a.<\/p>\n<p>El t\u00e0ndem de Max i Mar va tenir un comen\u00e7ament espectacular amb una vict\u00f2ria parcial a la regata inaugural i al seu caseller van sumar fins a nou llocs dins del top 10 despr\u00e9s de completar dotze m\u00e0negues. Tot i que a l&#8217;\u00faltima jornada, amb quatre proves disputades, van lluitar en tot moment per acabar dins dels cinc primers, el resultat va ser la desena posici\u00f3, a nom\u00e9s setze punts del podi; cosa que demostra que la classificaci\u00f3 final va estar molt renyida.<\/p>\n<p>Xavier Garc\u00eda, pare de Mar i entrenador de l&#8217;equip, valora molt positivament el resultat aconseguit a La Grande Motte, Fran\u00e7a. \u201cObjectiu complert; han acabat en un nivell molt amunt i si no fos per una bolcada a l&#8217;\u00faltima m\u00e0nega podrien haver aconseguit estar entre els cinc millors\u201d. Per la seva banda, Mar Garc\u00eda assegura que \u201cel resultat sap a poc, per\u00f2 les sensacions amb qu\u00e8 hem acabat s\u00f3n molt positives\u201d.<\/p>\n<p>Endavant!<\/p>\n\n","protected":false},"excerpt":{"rendered":"<p>El duet va tenir opcions de finalitzar entre els cinc primers fins a la darrera jornada. L&#8217;equip espanyol de Nacra 15 format per Max Rondeau i Mar Garc\u00eda (CN Arenys de Mar \/ CN El Bal\u00eds), va finalitzar a la desena posici\u00f3 del campionat del m\u00f3n d&#8217;aquesta classe, embarcaci\u00f3 de desenvolupament pr\u00e8via al salt a [&hellip;]<\/p>\n","protected":false},"author":1,"featured_media":0,"comment_status":"open","ping_status":"open","sticky":false,"template":"","format":"standard","meta":{"footnotes":""},"categories":[23],"tags":[2353,65,407,2354,376,2355,57,673,2356],"class_list":["post-29488","post","type-post","status-publish","format-standard","hentry","category-vela","tag-2353","tag-balis","tag-championship","tag-garcia","tag-mar","tag-max","tag-mundial","tag-nacra","tag-rondeau"],"acf":[],"_links":{"self":[{"href":"https:\/\/www.cnelbalis.com\/ca\/wp-json\/wp\/v2\/posts\/29488","targetHints":{"allow":["GET"]}}],"collection":[{"href":"https:\/\/www.cnelbalis.com\/ca\/wp-json\/wp\/v2\/posts"}],"about":[{"href":"https:\/\/www.cnelbalis.com\/ca\/wp-json\/wp\/v2\/types\/post"}],"author":[{"embeddable":true,"href":"https:\/\/www.cnelbalis.com\/ca\/wp-json\/wp\/v2\/users\/1"}],"replies":[{"embeddable":true,"href":"https:\/\/www.cnelbalis.com\/ca\/wp-json\/wp\/v2\/comments?post=29488"}],"version-history":[{"count":1,"href":"https:\/\/www.cnelbalis.com\/ca\/wp-json\/wp\/v2\/posts\/29488\/revisions"}],"predecessor-version":[{"id":31465,"href":"https:\/\/www.cnelbalis.com\/ca\/wp-json\/wp\/v2\/posts\/29488\/revisions\/31465"}],"wp:attachment":[{"href":"https:\/\/www.cnelbalis.com\/ca\/wp-json\/wp\/v2\/media?parent=29488"}],"wp:term":[{"taxonomy":"category","embeddable":true,"href":"https:\/\/www.cnelbalis.com\/ca\/wp-json\/wp\/v2\/categories?post=29488"},{"taxonomy":"post_tag","embeddable":true,"href":"https:\/\/www.cnelbalis.com\/ca\/wp-json\/wp\/v2\/tags?post=29488"}],"curies":[{"name":"wp","href":"https:\/\/api.w.org\/{rel}","templated":true}]}}