{"id":29481,"date":"2021-10-13T09:42:06","date_gmt":"2021-10-13T07:42:06","guid":{"rendered":"https:\/\/club.cnelbalis.com\/podi-del-balis-a-la-copa-despanya-de-470-i-campionat-iberic-de-420\/"},"modified":"2022-06-24T09:01:44","modified_gmt":"2022-06-24T07:01:44","slug":"podi-del-balis-a-la-copa-despanya-de-470-i-campionat-iberic-de-420","status":"publish","type":"post","link":"https:\/\/www.cnelbalis.com\/ca\/podi-del-balis-a-la-copa-despanya-de-470-i-campionat-iberic-de-420\/","title":{"rendered":"Podi d&#8217;El Bal\u00eds a la Copa d&#8217;Espanya de 470 i Campionat Ib\u00e8ric de 420"},"content":{"rendered":"<p>Del 8 a l&#8217;11 d&#8217;octubre s&#8217;ha celebrat als voltants del Centre Galego de Vela (Vilagarc\u00eda de Arousa) la Setmana Ol\u00edmpica de Gal\u00edcia, II Trofeu Centre Galego de Vela. En aquesta competici\u00f3 s&#8217;ha celebrat la Copa d&#8217;Espanya de 470 i el Campionat Ib\u00e8ric de la classe 420.<\/p>\n<p>En ambdues competicions ha participat regatistes de la flota d&#8217;El Bal\u00eds.<\/p>\n<p>El local Nacho D\u00e1vila al costat de Marta Cardona (CN Arenal) van aconseguir el bronze a la Copa d&#8217;Espanya de 470. Aix\u00ed com Monica Veenhoven i Nico Borr\u00e0s van finalitzar 5ns i Marc Arrufat i Daniela Borr\u00e0s, 6ns.<br \/>\nAix\u00ed mateix, Pau Llibre i Alberto Marsans es van proclamar vencedors del Campionat Ib\u00e8ric de la classe 420 a un punt de difer\u00e8ncia dels segons i a set dels tercers. Gonzalo Ferrando i Trist\u00e1n Marsans van acabar 5ns.<\/p>\n<p>La regata ha estat organitzada per la Reial Federaci\u00f3 Gallega de Vela per delegaci\u00f3 de la Federaci\u00f3 Espanyola de Vela.<\/p>\n\n","protected":false},"excerpt":{"rendered":"<p>Del 8 a l&#8217;11 d&#8217;octubre s&#8217;ha celebrat als voltants del Centre Galego de Vela (Vilagarc\u00eda de Arousa) la Setmana Ol\u00edmpica de Gal\u00edcia, II Trofeu Centre Galego de Vela. En aquesta competici\u00f3 s&#8217;ha celebrat la Copa d&#8217;Espanya de 470 i el Campionat Ib\u00e8ric de la classe 420. En ambdues competicions ha participat regatistes de la flota [&hellip;]<\/p>\n","protected":false},"author":1,"featured_media":0,"comment_status":"open","ping_status":"open","sticky":false,"template":"","format":"standard","meta":{"footnotes":""},"categories":[782,23],"tags":[131,170,65,195,113,114,76,52],"class_list":["post-29481","post","type-post","status-publish","format-standard","hentry","category-esport","category-vela","tag-131","tag-170","tag-balis","tag-campeonato","tag-copa","tag-espana","tag-regata","tag-vela"],"acf":[],"_links":{"self":[{"href":"https:\/\/www.cnelbalis.com\/ca\/wp-json\/wp\/v2\/posts\/29481","targetHints":{"allow":["GET"]}}],"collection":[{"href":"https:\/\/www.cnelbalis.com\/ca\/wp-json\/wp\/v2\/posts"}],"about":[{"href":"https:\/\/www.cnelbalis.com\/ca\/wp-json\/wp\/v2\/types\/post"}],"author":[{"embeddable":true,"href":"https:\/\/www.cnelbalis.com\/ca\/wp-json\/wp\/v2\/users\/1"}],"replies":[{"embeddable":true,"href":"https:\/\/www.cnelbalis.com\/ca\/wp-json\/wp\/v2\/comments?post=29481"}],"version-history":[{"count":1,"href":"https:\/\/www.cnelbalis.com\/ca\/wp-json\/wp\/v2\/posts\/29481\/revisions"}],"predecessor-version":[{"id":31458,"href":"https:\/\/www.cnelbalis.com\/ca\/wp-json\/wp\/v2\/posts\/29481\/revisions\/31458"}],"wp:attachment":[{"href":"https:\/\/www.cnelbalis.com\/ca\/wp-json\/wp\/v2\/media?parent=29481"}],"wp:term":[{"taxonomy":"category","embeddable":true,"href":"https:\/\/www.cnelbalis.com\/ca\/wp-json\/wp\/v2\/categories?post=29481"},{"taxonomy":"post_tag","embeddable":true,"href":"https:\/\/www.cnelbalis.com\/ca\/wp-json\/wp\/v2\/tags?post=29481"}],"curies":[{"name":"wp","href":"https:\/\/api.w.org\/{rel}","templated":true}]}}