{"id":29457,"date":"2021-08-04T14:57:43","date_gmt":"2021-08-04T12:57:43","guid":{"rendered":"https:\/\/club.cnelbalis.com\/florian-trittel-aconsegueix-la-sisena-posicio-a-nacra-17-en-el-seu-debut-olimpic-a-toquio-2020\/"},"modified":"2022-06-24T09:01:32","modified_gmt":"2022-06-24T07:01:32","slug":"florian-trittel-aconsegueix-la-sisena-posicio-a-nacra-17-en-el-seu-debut-olimpic-a-toquio-2020","status":"publish","type":"post","link":"https:\/\/www.cnelbalis.com\/ca\/florian-trittel-aconsegueix-la-sisena-posicio-a-nacra-17-en-el-seu-debut-olimpic-a-toquio-2020\/","title":{"rendered":"Florian Trittel aconsegueix la sisena posici\u00f3 a Nacra 17 en el seu debut ol\u00edmpic a T\u00f2quio 2020"},"content":{"rendered":"<p><strong>El regatista format al CN El Bal\u00eds i la seva companya can\u00e0ria,Tara Pacheco, retornen de T\u00f2quio amb diploma ol\u00edmpic en Nacra 17, l\u2019\u00fanica categoria de vela mixta<\/strong><\/p>\n<p>La parella de l\u2019ESP Sailing Team, Florian Trittel i Tara Pacheco, ha afrontat l\u2019\u00faltima jornada de competici\u00f3 amb possibilitats d\u2019obtenir el bronze i, tot i que Florian Trittel avisava abans de la medal race que s\u2019hi deixarien la pell, finalment no ha pogut ser. Pacheco i Trittel partien d\u2019una cinquena posici\u00f3 dif\u00edcil de remuntar. La jornada, amb vents fluixos i inestables, va comen\u00e7ar amb una penalitzaci\u00f3 als alemanys que afavoria als espanyols, que muntaven<br \/>\nla primera boia cinquens. A la popa, per\u00f2, han descendit una altra posici\u00f3, passant a ser vuitens a la segona cenyida.<\/p>\n<p>El t\u00e0ndem catalano-canari ha finalitzat la medal race en una setena posici\u00f3 molt lluitada, parcial amb el qual s\u2019han col\u00b7locat sisens a la general, fet que els atorga el diploma ol\u00edmpic.<\/p>\n<p>Florian Trittel, regatista vinculat des dels sis anys al CN El Bal\u00eds de Sant Andreu de Llavaneres i on va comen\u00e7ar a navegar en classe d\u2019optimist, conclou aix\u00ed la seva primera participaci\u00f3 ol\u00edmpica a T\u00f2quio 2020. Alhora, el regatista, que ha competit tamb\u00e9 en les modalitats 29er, windsurf i kitesurf, compleix un somni que va haver d\u2019ajornar en les<br \/>\nanteriors cites ol\u00edmpiques perqu\u00e8 el kitesurf, l\u2019especialitat escollida per Trittel, finalment no va ser ol\u00edmpica.<\/p>\n<p>L\u2019equip format per Tara Pacheco al tim\u00f3 i Florian Trittel com a tripulant ha hagut de treballar a contrarellotge per preparar aquesta cita ol\u00edmpica. El seu entrenament conjunt va comen\u00e7ar el 2018, despr\u00e9s de l\u2019aband\u00f3 del regatista Fernando Echevarri. Mentre la resta d\u2019equips han tingut quatre anys per preparar els Jocs Ol\u00edmpics, el duo de regatistes ha assolit un diploma ol\u00edmpic en un temps r\u00e8cord, treballant al m\u00e0xim per eliminar la bretxa existent entre ells i els l\u00edders de la seva categoria i col\u00b7locar-se al top 10. Segons Trittel, han invertit molt\u00edssimes hores i dies de treball molt dur per aconseguir-ho. A m\u00e9s, el regatista afirma que l\u2019ajornament dels Jocs Ol\u00edmpics els ha perm\u00e8s arribar m\u00e9s preparats.<\/p>\n<p>Un altre factor que fa especial aquest diploma ol\u00edmpic \u00e9s que Nacra 17 \u00e9s l\u2019\u00fanica categoria de vela en qu\u00e8 competeixen parelles mixtes. Tara Pacheco \u00e9s una de les \u00faniques tres patrones que ha liderat una embarcaci\u00f3 en aquesta modalitat.<\/p>\n<p>El CN El Bal\u00eds, que compta al seu palmar\u00e8s amb nombrosos campions nacionals i internacionals, ha tingut representaci\u00f3 als Jocs Ol\u00edmpics en quatre ocasions i amb cinc regatistes: Jos\u00e9 M. Van der Ploeg, que va aconseguir la medalla d\u2019or a Barcelona \u201892; Neus Garriga va participar a Sidney 2000, B\u00e0rbara Cornudella i Sara L\u00f3pez van participar a les olimp\u00edades de Rio 2016; i, enguany, Florian Trittel a T\u00f2quio.<\/p>\n<p>&nbsp;<\/p>\n\n","protected":false},"excerpt":{"rendered":"<p>El regatista format al CN El Bal\u00eds i la seva companya can\u00e0ria,Tara Pacheco, retornen de T\u00f2quio amb diploma ol\u00edmpic en Nacra 17, l\u2019\u00fanica categoria de vela mixta La parella de l\u2019ESP Sailing Team, Florian Trittel i Tara Pacheco, ha afrontat l\u2019\u00faltima jornada de competici\u00f3 amb possibilitats d\u2019obtenir el bronze i, tot i que Florian Trittel [&hellip;]<\/p>\n","protected":false},"author":1,"featured_media":0,"comment_status":"open","ping_status":"open","sticky":false,"template":"","format":"standard","meta":{"footnotes":""},"categories":[782,23],"tags":[65,230,600,226,715,673,491,402,88],"class_list":["post-29457","post","type-post","status-publish","format-standard","hentry","category-esport","category-vela","tag-balis","tag-club","tag-competicion","tag-florian","tag-juegos","tag-nacra","tag-nautico","tag-olimpicos","tag-trittel"],"acf":[],"_links":{"self":[{"href":"https:\/\/www.cnelbalis.com\/ca\/wp-json\/wp\/v2\/posts\/29457","targetHints":{"allow":["GET"]}}],"collection":[{"href":"https:\/\/www.cnelbalis.com\/ca\/wp-json\/wp\/v2\/posts"}],"about":[{"href":"https:\/\/www.cnelbalis.com\/ca\/wp-json\/wp\/v2\/types\/post"}],"author":[{"embeddable":true,"href":"https:\/\/www.cnelbalis.com\/ca\/wp-json\/wp\/v2\/users\/1"}],"replies":[{"embeddable":true,"href":"https:\/\/www.cnelbalis.com\/ca\/wp-json\/wp\/v2\/comments?post=29457"}],"version-history":[{"count":1,"href":"https:\/\/www.cnelbalis.com\/ca\/wp-json\/wp\/v2\/posts\/29457\/revisions"}],"predecessor-version":[{"id":31434,"href":"https:\/\/www.cnelbalis.com\/ca\/wp-json\/wp\/v2\/posts\/29457\/revisions\/31434"}],"wp:attachment":[{"href":"https:\/\/www.cnelbalis.com\/ca\/wp-json\/wp\/v2\/media?parent=29457"}],"wp:term":[{"taxonomy":"category","embeddable":true,"href":"https:\/\/www.cnelbalis.com\/ca\/wp-json\/wp\/v2\/categories?post=29457"},{"taxonomy":"post_tag","embeddable":true,"href":"https:\/\/www.cnelbalis.com\/ca\/wp-json\/wp\/v2\/tags?post=29457"}],"curies":[{"name":"wp","href":"https:\/\/api.w.org\/{rel}","templated":true}]}}