{"id":29455,"date":"2021-08-04T14:41:47","date_gmt":"2021-08-04T12:41:47","guid":{"rendered":"https:\/\/club.cnelbalis.com\/les-classes-juvenils-de-el-balis-en-campionats-internacionals\/"},"modified":"2022-06-24T09:01:32","modified_gmt":"2022-06-24T07:01:32","slug":"les-classes-juvenils-de-el-balis-en-campionats-internacionals","status":"publish","type":"post","link":"https:\/\/www.cnelbalis.com\/ca\/les-classes-juvenils-de-el-balis-en-campionats-internacionals\/","title":{"rendered":"Les classes juvenils de El Bal\u00eds, en campionats internacionals"},"content":{"rendered":"<p>Les classes juvenils de 420, 470 i IQ Foil del CN El Bal\u00eds han estat competint en aig\u00fces italianes en el Campionat d&#8217;Europa Juvenil de 470 Mixt i Open i de 420 i, d&#8217;altra banda, al Mundial Sub19 d&#8217;IQFoil.<\/p>\n<p>Les classes 470 i 420 disputaven l&#8217;Europeu al Golfo di Gaeta on la flota Bal\u00eds ha aconseguit grans \u00e8xits. Entre ells, en 470, el regatista del Bal\u00eds, Javi Mestre, al costat de Jacobo Garc\u00eda del RFGV, es va proclamar subcampi\u00f3 d&#8217;Europa juvenil de 470. Aix\u00ed mateix, Sebasti\u00e1n Riquelme i Miquel P\u00e9rez van finalitzar en 5a posici\u00f3 Open.<br \/>\nEn categoria mixta, Nacho D\u00e1vila i Mar\u00eda Gonz\u00e1lez van acabar el campionat en una 5a posici\u00f3 Sots 21, 16s de la general.<br \/>\nEn 420, categoria Sots 19, Pau Llibre i Alberto Marsans van acabar 46s a la flota or.<\/p>\n<p>Mentrestant, en Campione del Garda, on se celebrava el Campionat del M\u00f3n sots 19 d&#8217;iQFoil, del Bal\u00eds competien J\u00falia G\u00f3mez Roa, Santi Costa, Lucas i Mar Garcia.<\/p>\n<p>Aquesta setmana comen\u00e7a el Campionat Europeu juvenil de la classe Europe on tamb\u00e9 hi haur\u00e0 representaci\u00f3 del Club.<\/p>\n\n","protected":false},"excerpt":{"rendered":"<p>Les classes juvenils de 420, 470 i IQ Foil del CN El Bal\u00eds han estat competint en aig\u00fces italianes en el Campionat d&#8217;Europa Juvenil de 470 Mixt i Open i de 420 i, d&#8217;altra banda, al Mundial Sub19 d&#8217;IQFoil. Les classes 470 i 420 disputaven l&#8217;Europeu al Golfo di Gaeta on la flota Bal\u00eds ha [&hellip;]<\/p>\n","protected":false},"author":1,"featured_media":0,"comment_status":"open","ping_status":"open","sticky":false,"template":"","format":"standard","meta":{"footnotes":""},"categories":[782,23],"tags":[131,170,65,195,600,238,707,76],"class_list":["post-29455","post","type-post","status-publish","format-standard","hentry","category-esport","category-vela","tag-131","tag-170","tag-balis","tag-campeonato","tag-competicion","tag-europeu","tag-iqfoil","tag-regata"],"acf":[],"_links":{"self":[{"href":"https:\/\/www.cnelbalis.com\/ca\/wp-json\/wp\/v2\/posts\/29455","targetHints":{"allow":["GET"]}}],"collection":[{"href":"https:\/\/www.cnelbalis.com\/ca\/wp-json\/wp\/v2\/posts"}],"about":[{"href":"https:\/\/www.cnelbalis.com\/ca\/wp-json\/wp\/v2\/types\/post"}],"author":[{"embeddable":true,"href":"https:\/\/www.cnelbalis.com\/ca\/wp-json\/wp\/v2\/users\/1"}],"replies":[{"embeddable":true,"href":"https:\/\/www.cnelbalis.com\/ca\/wp-json\/wp\/v2\/comments?post=29455"}],"version-history":[{"count":1,"href":"https:\/\/www.cnelbalis.com\/ca\/wp-json\/wp\/v2\/posts\/29455\/revisions"}],"predecessor-version":[{"id":31432,"href":"https:\/\/www.cnelbalis.com\/ca\/wp-json\/wp\/v2\/posts\/29455\/revisions\/31432"}],"wp:attachment":[{"href":"https:\/\/www.cnelbalis.com\/ca\/wp-json\/wp\/v2\/media?parent=29455"}],"wp:term":[{"taxonomy":"category","embeddable":true,"href":"https:\/\/www.cnelbalis.com\/ca\/wp-json\/wp\/v2\/categories?post=29455"},{"taxonomy":"post_tag","embeddable":true,"href":"https:\/\/www.cnelbalis.com\/ca\/wp-json\/wp\/v2\/tags?post=29455"}],"curies":[{"name":"wp","href":"https:\/\/api.w.org\/{rel}","templated":true}]}}