{"id":29450,"date":"2021-07-23T09:50:38","date_gmt":"2021-07-23T07:50:38","guid":{"rendered":"https:\/\/club.cnelbalis.com\/monica-veenhoven-9a-del-mon-de-la-classe-europe\/"},"modified":"2022-06-24T09:01:32","modified_gmt":"2022-06-24T07:01:32","slug":"monica-veenhoven-9a-del-mon-de-la-classe-europe","status":"publish","type":"post","link":"https:\/\/www.cnelbalis.com\/ca\/monica-veenhoven-9a-del-mon-de-la-classe-europe\/","title":{"rendered":"M\u00f2nica Veenhoven, 9a del m\u00f3n de la classe Europe"},"content":{"rendered":"<p>La vela lleugera del CN El Bal\u00eds segueix acumulant \u00e8xits pel m\u00f3n. En aquest cas, la classe Europe va celebrar el Campionat de el M\u00f3n en aig\u00fces de R\u00e4\u00e4 (Su\u00e8cia) del 5 al 16 de juliol.<\/p>\n<p>En el top ten, novena es classificava la local M\u00f2nica Veenhoven. Aix\u00ed mateix, van participar Helena Pru\u00f1onosa que va finalitzar 13a del m\u00f3n, Nora Lasurt, 19a i Nico Borr\u00e0s en 40\u00aa posici\u00f3 fent en l&#8217;\u00faltima jornada una de gran remuntada.<\/p>\n<p>La propera gran cita per a la classe Europe, ser\u00e0 l&#8217;Europeu Juvenil que se celebrar\u00e0 a principis del mes d&#8217;agost en aig\u00fces de Club N\u00e0utic del Masnou.<\/p>\n\n","protected":false},"excerpt":{"rendered":"<p>La vela lleugera del CN El Bal\u00eds segueix acumulant \u00e8xits pel m\u00f3n. En aquest cas, la classe Europe va celebrar el Campionat de el M\u00f3n en aig\u00fces de R\u00e4\u00e4 (Su\u00e8cia) del 5 al 16 de juliol. En el top ten, novena es classificava la local M\u00f2nica Veenhoven. Aix\u00ed mateix, van participar Helena Pru\u00f1onosa que va [&hellip;]<\/p>\n","protected":false},"author":1,"featured_media":0,"comment_status":"open","ping_status":"open","sticky":false,"template":"","format":"standard","meta":{"footnotes":""},"categories":[782,23],"tags":[65,195,600,80,610,737,57,738,52,739],"class_list":["post-29450","post","type-post","status-publish","format-standard","hentry","category-esport","category-vela","tag-balis","tag-campeonato","tag-competicion","tag-europe","tag-ligera","tag-monica","tag-mundial","tag-regateas","tag-vela","tag-venhooven"],"acf":[],"_links":{"self":[{"href":"https:\/\/www.cnelbalis.com\/ca\/wp-json\/wp\/v2\/posts\/29450","targetHints":{"allow":["GET"]}}],"collection":[{"href":"https:\/\/www.cnelbalis.com\/ca\/wp-json\/wp\/v2\/posts"}],"about":[{"href":"https:\/\/www.cnelbalis.com\/ca\/wp-json\/wp\/v2\/types\/post"}],"author":[{"embeddable":true,"href":"https:\/\/www.cnelbalis.com\/ca\/wp-json\/wp\/v2\/users\/1"}],"replies":[{"embeddable":true,"href":"https:\/\/www.cnelbalis.com\/ca\/wp-json\/wp\/v2\/comments?post=29450"}],"version-history":[{"count":1,"href":"https:\/\/www.cnelbalis.com\/ca\/wp-json\/wp\/v2\/posts\/29450\/revisions"}],"predecessor-version":[{"id":31427,"href":"https:\/\/www.cnelbalis.com\/ca\/wp-json\/wp\/v2\/posts\/29450\/revisions\/31427"}],"wp:attachment":[{"href":"https:\/\/www.cnelbalis.com\/ca\/wp-json\/wp\/v2\/media?parent=29450"}],"wp:term":[{"taxonomy":"category","embeddable":true,"href":"https:\/\/www.cnelbalis.com\/ca\/wp-json\/wp\/v2\/categories?post=29450"},{"taxonomy":"post_tag","embeddable":true,"href":"https:\/\/www.cnelbalis.com\/ca\/wp-json\/wp\/v2\/tags?post=29450"}],"curies":[{"name":"wp","href":"https:\/\/api.w.org\/{rel}","templated":true}]}}