{"id":29433,"date":"2021-06-02T14:49:45","date_gmt":"2021-06-02T12:49:45","guid":{"rendered":"https:\/\/club.cnelbalis.com\/carlos-robles-a-la-the-ocean-race-europe\/"},"modified":"2022-06-24T09:01:26","modified_gmt":"2022-06-24T07:01:26","slug":"carlos-robles-a-la-the-ocean-race-europe","status":"publish","type":"post","link":"https:\/\/www.cnelbalis.com\/ca\/carlos-robles-a-la-the-ocean-race-europe\/","title":{"rendered":"Carlos Robles, a la The Ocean Race Europe"},"content":{"rendered":"<p><img loading=\"lazy\" decoding=\"async\" class=\"size-medium wp-image-22467 alignleft\" src=\"https:\/\/www.cnelbalis.com\/wp-content\/uploads\/vj-w\/-i\/carlos-robles-300x171.png\" alt=\"\" width=\"300\" height=\"171\" \/><\/p>\n<p>El dissabte 29 de maig partien de Lorient (Fran\u00e7a) direcci\u00f3 Cascais (Portugal) els 12 equips participants a la The Ocean Race Europe, la primera edici\u00f3 d&#8217;aquesta que es porta a terme en territori europeu i que compta amb tres etapes, la durada de les quals ser\u00e0 d&#8217;entre tres i quatre dies cadascuna. Aix\u00ed mateix, els equips disputaran regates costaneres (d&#8217;entre tres i cinc hores de durada) en aig\u00fces portugueses i italianes.<\/p>\n<p>Carlos Robles, amb llic\u00e8ncia d&#8217;El Bal\u00eds, forma part de l&#8217;equip Viva M\u00e9jico i haur\u00e0 de realitzar juntament amb tots els participants les m\u00e9s de 2.000 milles (3.218km) fins arribar a la meta final de la regata a G\u00e8nova (It\u00e0lia).<\/p>\n<p>Les tripulacions van rebre un emotiu comiat des Lorient per part de les autoritats locals, on els regatistes i els organitzadors de la regata van estar operant sota un estricte protocol Covid 19 per garantir la seguretat dels competidors i de personal de la regata durant tot l&#8217;esdeveniment.<\/p>\n<p>The Ocean Race Europe suposa el primer pas per als equips en el seu cam\u00ed cap a l&#8217;edici\u00f3 2022-23 de The Ocean Race, amb sortida a Alacant, que donar\u00e0 la volta al m\u00f3n per catorzena vegada i, per a alguns equips de IMOCA assenyala la ruta cap la Vend\u00e9e Globe 2024.<\/p>\n<p>Pots seguir el trac, <a href=\"https:\/\/www.theoceanrace.com\/en\/europe\/racing\/tracker\" target=\"_blank\" rel=\"noopener noreferrer\">aqu\u00ed<\/a>.<\/p>\n","protected":false},"excerpt":{"rendered":"<p>El dissabte 29 de maig partien de Lorient (Fran\u00e7a) direcci\u00f3 Cascais (Portugal) els 12 equips participants a la The Ocean Race Europe, la primera edici\u00f3 d&#8217;aquesta que es porta a terme en territori europeu i que compta amb tres etapes, la durada de les quals ser\u00e0 d&#8217;entre tres i quatre dies cadascuna. Aix\u00ed mateix, els [&hellip;]<\/p>\n","protected":false},"author":1,"featured_media":0,"comment_status":"open","ping_status":"open","sticky":false,"template":"","format":"standard","meta":{"footnotes":""},"categories":[782,23],"tags":[65,600,385,76],"class_list":["post-29433","post","type-post","status-publish","format-standard","hentry","category-esport","category-vela","tag-balis","tag-competicion","tag-internacional","tag-regata"],"acf":[],"_links":{"self":[{"href":"https:\/\/www.cnelbalis.com\/ca\/wp-json\/wp\/v2\/posts\/29433","targetHints":{"allow":["GET"]}}],"collection":[{"href":"https:\/\/www.cnelbalis.com\/ca\/wp-json\/wp\/v2\/posts"}],"about":[{"href":"https:\/\/www.cnelbalis.com\/ca\/wp-json\/wp\/v2\/types\/post"}],"author":[{"embeddable":true,"href":"https:\/\/www.cnelbalis.com\/ca\/wp-json\/wp\/v2\/users\/1"}],"replies":[{"embeddable":true,"href":"https:\/\/www.cnelbalis.com\/ca\/wp-json\/wp\/v2\/comments?post=29433"}],"version-history":[{"count":1,"href":"https:\/\/www.cnelbalis.com\/ca\/wp-json\/wp\/v2\/posts\/29433\/revisions"}],"predecessor-version":[{"id":31410,"href":"https:\/\/www.cnelbalis.com\/ca\/wp-json\/wp\/v2\/posts\/29433\/revisions\/31410"}],"wp:attachment":[{"href":"https:\/\/www.cnelbalis.com\/ca\/wp-json\/wp\/v2\/media?parent=29433"}],"wp:term":[{"taxonomy":"category","embeddable":true,"href":"https:\/\/www.cnelbalis.com\/ca\/wp-json\/wp\/v2\/categories?post=29433"},{"taxonomy":"post_tag","embeddable":true,"href":"https:\/\/www.cnelbalis.com\/ca\/wp-json\/wp\/v2\/tags?post=29433"}],"curies":[{"name":"wp","href":"https:\/\/api.w.org\/{rel}","templated":true}]}}