{"id":29431,"date":"2021-05-24T09:14:01","date_gmt":"2021-05-24T07:14:01","guid":{"rendered":"https:\/\/club.cnelbalis.com\/julia-gomez-campiona-sots19-femenina-iqfoil-a-la-copa-despanya\/"},"modified":"2022-06-24T09:01:25","modified_gmt":"2022-06-24T07:01:25","slug":"julia-gomez-campiona-sots19-femenina-iqfoil-a-la-copa-despanya","status":"publish","type":"post","link":"https:\/\/www.cnelbalis.com\/ca\/julia-gomez-campiona-sots19-femenina-iqfoil-a-la-copa-despanya\/","title":{"rendered":"Julia Gomez, campiona sots19 femenina iQFoil a la Copa d&#8217;Espanya"},"content":{"rendered":"<p>Del 21 al 23 de maig es va celebrar a la badia de Cadiz la Copa d&#8217;Espanya de Windsurf.<\/p>\n<p>Oberta a les disciplines Techno i iQFoil, la convocat\u00f2ria va reunir m\u00e9s d&#8217;un centenar de windsurfistes i entre ells els millors exponents de la pr\u00e0ctica totalitat de territorials espanyoles.<br \/>\nDespr\u00e9s del campionat del M\u00f3n de RS: X celebrat el passat mes d&#8217;abril, el windsurf va tornar a ser protagonista en aig\u00fces gaditanes i ho va fer, entre altres, de la m\u00e0 de la classe cridada a substituir la RS:X, l&#8217;espectacular iQFoil. A m\u00e9s dels t\u00edtols en categories absolutes i juvenils de la nova classe, tamb\u00e9 es van decidir els nous campions nacionals de les disciplines Techno Sub 17, Techno Sub 15 i Techno Plus (fins a 19 anys).<\/p>\n<p>Amb unes condicions meteorologies molt bones per a la classe, una mitjana d&#8217;entre 15 i 18 nusos, els regatistes del Club van demostrar dia a dia el seu gran progr\u00e9s. Julia Gomez, va pujar al primer esgla\u00f3 Sub19 f\u00e8mina en IQfoil quedant 3\u00aa f\u00e8mina absoluta. Al seu torn, Lucas Garc\u00eda va finalitzar subcampi\u00f3 Sub17 en IQfoil, resultat extraordinari ja que no van obrir categoria i va haver de navegar amb els Sub19 tenint nom\u00e9s 14 anys.<\/p>\n<p>Despr\u00e9s de la regata tenia lloc el lliurament de trofeus al pati de cerim\u00f2nies de el Centre Especialitzat de Tecnificaci\u00f3 Esportiva de Vela Badia de Cadis, seu de la regata i la Federaci\u00f3 Andalusa de Vela, organitzadora de la cita. Hi participaven en l&#8217;acte la regidora d&#8217;Esports de l&#8217;Ajuntament del Port de Santa Maria, Lola Campos, i el vocal de Relacions institucionals, Jos\u00e9 Mar\u00eda Escribano, al costat dels jutges internacionals Jordi Lamarca i Andr\u00e9s P\u00e9rez.<\/p>\n<p><strong>Resultats Bal\u00eds:<\/strong><\/p>\n<p>1. Sub19 f\u00e8mina iQFoil &#8211; J\u00falia G\u00f3mez Roa<br \/>\n3. F\u00e8mina absoluta iQFoil &#8211; J\u00falia G\u00f3mez Roa<br \/>\n8&#xfe0f;. IQfoil sub19: Santi Costa Hoevel<br \/>\n6&#xfe0f;. IQfoil sub19: Lucas Garc\u00eda Alves (2n Sub17)<br \/>\n19. IQfoil s\u00e8nior: Mart\u00ed Angel Yanutolo<br \/>\n3&#xfe0f;6. Techno sub15: Eva Piris<\/p>\n\n","protected":false},"excerpt":{"rendered":"<p>Del 21 al 23 de maig es va celebrar a la badia de Cadiz la Copa d&#8217;Espanya de Windsurf. Oberta a les disciplines Techno i iQFoil, la convocat\u00f2ria va reunir m\u00e9s d&#8217;un centenar de windsurfistes i entre ells els millors exponents de la pr\u00e0ctica totalitat de territorials espanyoles. Despr\u00e9s del campionat del M\u00f3n de RS: [&hellip;]<\/p>\n","protected":false},"author":1,"featured_media":0,"comment_status":"open","ping_status":"open","sticky":false,"template":"","format":"standard","meta":{"footnotes":""},"categories":[783,782,23],"tags":[65,195,707,76,661],"class_list":["post-29431","post","type-post","status-publish","format-standard","hentry","category-escola","category-esport","category-vela","tag-balis","tag-campeonato","tag-iqfoil","tag-regata","tag-regatistas"],"acf":[],"_links":{"self":[{"href":"https:\/\/www.cnelbalis.com\/ca\/wp-json\/wp\/v2\/posts\/29431","targetHints":{"allow":["GET"]}}],"collection":[{"href":"https:\/\/www.cnelbalis.com\/ca\/wp-json\/wp\/v2\/posts"}],"about":[{"href":"https:\/\/www.cnelbalis.com\/ca\/wp-json\/wp\/v2\/types\/post"}],"author":[{"embeddable":true,"href":"https:\/\/www.cnelbalis.com\/ca\/wp-json\/wp\/v2\/users\/1"}],"replies":[{"embeddable":true,"href":"https:\/\/www.cnelbalis.com\/ca\/wp-json\/wp\/v2\/comments?post=29431"}],"version-history":[{"count":1,"href":"https:\/\/www.cnelbalis.com\/ca\/wp-json\/wp\/v2\/posts\/29431\/revisions"}],"predecessor-version":[{"id":31408,"href":"https:\/\/www.cnelbalis.com\/ca\/wp-json\/wp\/v2\/posts\/29431\/revisions\/31408"}],"wp:attachment":[{"href":"https:\/\/www.cnelbalis.com\/ca\/wp-json\/wp\/v2\/media?parent=29431"}],"wp:term":[{"taxonomy":"category","embeddable":true,"href":"https:\/\/www.cnelbalis.com\/ca\/wp-json\/wp\/v2\/categories?post=29431"},{"taxonomy":"post_tag","embeddable":true,"href":"https:\/\/www.cnelbalis.com\/ca\/wp-json\/wp\/v2\/tags?post=29431"}],"curies":[{"name":"wp","href":"https:\/\/api.w.org\/{rel}","templated":true}]}}