{"id":29428,"date":"2021-05-17T08:20:19","date_gmt":"2021-05-17T06:20:19","guid":{"rendered":"https:\/\/club.cnelbalis.com\/el-grup-diniciacio-doptimist-sestrena-en-les-competicions\/"},"modified":"2022-06-24T09:01:25","modified_gmt":"2022-06-24T07:01:25","slug":"el-grup-diniciacio-doptimist-sestrena-en-les-competicions","status":"publish","type":"post","link":"https:\/\/www.cnelbalis.com\/ca\/el-grup-diniciacio-doptimist-sestrena-en-les-competicions\/","title":{"rendered":"El Grup d\u2019iniciaci\u00f3 d\u2019Optimist s\u2019estrena en les competicions"},"content":{"rendered":"<p>Aquest cap de setmana s\u2019ha celebrat la N3 d\u2019Optimist al Club Vela Calella.<\/p>\n<p>\u00c9s la primera vegada que el Grup d\u2019iniciaci\u00f3 d\u2019Optimist d\u2019El Bal\u00eds i part del Grup 2 s\u2019estrenen en competici\u00f3. L\u2019experi\u00e8ncia ha estat molt positiva, ells s\u2019ho han passat la mar de b\u00e9 i han sentit per primera vegada l\u2019emoci\u00f3 i adrenalina que comporta afrontar-se a competir amb altres clubs.<\/p>\n<p>A m\u00e9s a m\u00e9s, Teo Henriques, ha pujat al primer esgla\u00f3 del podi a recollir la seva medalla d\u2019or, aix\u00ed com Damiano Tierno que ha finalitzat tercer i s\u2019ha emportat el bronze.<\/p>\n<p>Moltes felicitats a tots ells per participar i demostrar totes les t\u00e8cniques apreses durant aquests mesos d\u2019entrenaments.<\/p>\n<p><strong>Resultats:<\/strong><br \/>\n<em>Grup3:<\/em><br \/>\n1. Teo Henriques<br \/>\n3. Damiano Tierno<br \/>\n5. Nico Sandri<br \/>\n6. Vadim Vikulov<br \/>\n7. Ram\u00f3n Blanco<br \/>\n9. Pol Falg\u00e0s<br \/>\n10. Luc\u00eda Alonso<br \/>\n11. Lorenzo Auci<br \/>\n12. Gabriel Tierno<\/p>\n<p><em>Grup2:<\/em><br \/>\n6. Agn\u00e8s Hadzi-Janev (2na F\u00e8mina)<br \/>\n10. Albert Vall\u00e8s<br \/>\n11. Sira Ferm\u00edn<br \/>\n12. Ona Falg\u00e0s<br \/>\n13. Pablo Vil\u00e0<br \/>\n15. Max Borr\u00e0s<br \/>\n14. Sofia Gil<\/p>\n<p>&nbsp;<\/p>\n\n","protected":false},"excerpt":{"rendered":"<p>Aquest cap de setmana s\u2019ha celebrat la N3 d\u2019Optimist al Club Vela Calella. \u00c9s la primera vegada que el Grup d\u2019iniciaci\u00f3 d\u2019Optimist d\u2019El Bal\u00eds i part del Grup 2 s\u2019estrenen en competici\u00f3. L\u2019experi\u00e8ncia ha estat molt positiva, ells s\u2019ho han passat la mar de b\u00e9 i han sentit per primera vegada l\u2019emoci\u00f3 i adrenalina que [&hellip;]<\/p>\n","protected":false},"author":1,"featured_media":0,"comment_status":"open","ping_status":"open","sticky":false,"template":"","format":"standard","meta":{"footnotes":""},"categories":[782,23],"tags":[65,513,2281,230,178,340,206,342,32,76,52],"class_list":["post-29428","post","type-post","status-publish","format-standard","hentry","category-esport","category-vela","tag-balis","tag-bebalis","tag-calella","tag-club","tag-cursos","tag-escola","tag-n3","tag-navegar","tag-optimist","tag-regata","tag-vela"],"acf":[],"_links":{"self":[{"href":"https:\/\/www.cnelbalis.com\/ca\/wp-json\/wp\/v2\/posts\/29428","targetHints":{"allow":["GET"]}}],"collection":[{"href":"https:\/\/www.cnelbalis.com\/ca\/wp-json\/wp\/v2\/posts"}],"about":[{"href":"https:\/\/www.cnelbalis.com\/ca\/wp-json\/wp\/v2\/types\/post"}],"author":[{"embeddable":true,"href":"https:\/\/www.cnelbalis.com\/ca\/wp-json\/wp\/v2\/users\/1"}],"replies":[{"embeddable":true,"href":"https:\/\/www.cnelbalis.com\/ca\/wp-json\/wp\/v2\/comments?post=29428"}],"version-history":[{"count":1,"href":"https:\/\/www.cnelbalis.com\/ca\/wp-json\/wp\/v2\/posts\/29428\/revisions"}],"predecessor-version":[{"id":31405,"href":"https:\/\/www.cnelbalis.com\/ca\/wp-json\/wp\/v2\/posts\/29428\/revisions\/31405"}],"wp:attachment":[{"href":"https:\/\/www.cnelbalis.com\/ca\/wp-json\/wp\/v2\/media?parent=29428"}],"wp:term":[{"taxonomy":"category","embeddable":true,"href":"https:\/\/www.cnelbalis.com\/ca\/wp-json\/wp\/v2\/categories?post=29428"},{"taxonomy":"post_tag","embeddable":true,"href":"https:\/\/www.cnelbalis.com\/ca\/wp-json\/wp\/v2\/tags?post=29428"}],"curies":[{"name":"wp","href":"https:\/\/api.w.org\/{rel}","templated":true}]}}