{"id":29420,"date":"2021-04-30T16:15:20","date_gmt":"2021-04-30T14:15:20","guid":{"rendered":"https:\/\/club.cnelbalis.com\/neus-ballester-i-andrea-perello-primeres-liders-provisionals-de-la-copa-despanya-420-a-el-balis\/"},"modified":"2022-06-24T09:01:24","modified_gmt":"2022-06-24T07:01:24","slug":"neus-ballester-i-andrea-perello-primeres-liders-provisionals-de-la-copa-despanya-420-a-el-balis","status":"publish","type":"post","link":"https:\/\/www.cnelbalis.com\/ca\/neus-ballester-i-andrea-perello-primeres-liders-provisionals-de-la-copa-despanya-420-a-el-balis\/","title":{"rendered":"Neus Ballester i Andrea Perell\u00f3, primeres l\u00edders provisionals de la Copa d&#8217;Espanya 420 a El Bal\u00eds"},"content":{"rendered":"<p>&nbsp;<\/p>\n<ul>\n<li>Les balears finalitzen la primera jornada amb 6 punts d&#8217;avantatge sobre els de Lanzarote, Alberto Morales i Miguel Bethencourt<\/li>\n<li>La tripulaci\u00f3 del Bal\u00eds formada pels germans David i Alex Charles \u00e9s tercera<\/li>\n<\/ul>\n<p>La Copa d&#8217;Espanya de 420 va arrencar en aig\u00fces de Club N\u00e0utic El Bal\u00eds, amb una primera jornada en qu\u00e8 els grans favorits van demostrar el seu anell des de l&#8217;inici. Les balears Neus Ballester i Andrea Perell\u00f3 (CN R\u00e0pita \/ CN Arenal) s\u00f3n les primeres l\u00edders tancant la jornada inaugural de la Copa d&#8217;Espanya en aig\u00fces catalanes amb 6 punts d&#8217;avantatge sobre els canaris Alberto Morales i Miguel Bethencourt (RCN Escull), que s\u00f3n segons. Els germans David i Alex Charles (CN El Bal\u00eds) s\u00f3n tercers, superant en un punt als andalusos Fernando i Carlos Flethes (CN Port Sherry) i als tamb\u00e9 locals Sebasti\u00e1n Riquelme i Miquel P\u00e9rez.<\/p>\n<p>Aviat les actuals campiones d&#8217;Espanya, Ballester i Perell\u00f3, van marcar el cam\u00ed a seguir. Amb un vent suau entre 6 i 8 nusos, les balears van deixar clar el seu domini inicial portant-se la primera m\u00e0nega del dia. Els germans Flethes no van voler perdre de vista a les favorites i eren segons en aquesta prova, mentre que el mallorqu\u00ed Pablo Ru\u00edz i el local Javier Mestre creuaven tercers la l\u00ednia d&#8217;arribada de la primera prova.<\/p>\n<p>En la segona, la vict\u00f2ria era per a les can\u00e0ries Alejandra P\u00e9rez i Ana Bautista (RCN Gran Can\u00e0ria), que sorprenien a tota la flota. Les condicions de vent havien pujat als 12-13 nusos. Aqu\u00ed va ser el torn dels germans David i Alex Charles (CN El Bal\u00eds), bons coneixedors de la classe i del camp de regates per ser segons en la m\u00e0nega i terceres, molt regulars Ballester i Perell\u00f3.<\/p>\n<p>A la tercera prova del dia Ballester i Perell\u00f3 van tornar a demostrar el seu poder guanyant la prova sobre els canaris Morales i Bethencourt, que eren segons en la prova, mentre que tercers creuaven Riquelme i P\u00e9rez.<\/p>\n<p>En la quarta i \u00faltima m\u00e0nega del dia el vent va caure fins als 7 nusos i serien els germans Charles qui s&#8217;acabarien emportant-se la regata i confirmant la seva tercera pla\u00e7a provisional a la general. Els seguien Morales i Bethencourt i tercers eren els locals Riquelme i P\u00e9rez. Per la seva banda Ballester i Perell\u00f3 eren cinquenes, ja que descarten provisionalment, mantenint-se com a l\u00edders de la general.<\/p>\n<p>Totes les fotos, <a href=\"https:\/\/www.flickr.com\/photos\/bebalis\/albums\/72157719115534825\/page1\" target=\"_blank\" rel=\"noopener noreferrer\">aqu\u00ed<\/a>.<\/p>\n\n","protected":false},"excerpt":{"rendered":"<p>&nbsp; Les balears finalitzen la primera jornada amb 6 punts d&#8217;avantatge sobre els de Lanzarote, Alberto Morales i Miguel Bethencourt La tripulaci\u00f3 del Bal\u00eds formada pels germans David i Alex Charles \u00e9s tercera La Copa d&#8217;Espanya de 420 va arrencar en aig\u00fces de Club N\u00e0utic El Bal\u00eds, amb una primera jornada en qu\u00e8 els grans [&hellip;]<\/p>\n","protected":false},"author":1,"featured_media":4767,"comment_status":"open","ping_status":"open","sticky":false,"template":"","format":"standard","meta":{"footnotes":""},"categories":[783,782,23],"tags":[131,65,692,2079,113,114,79,76,52],"class_list":["post-29420","post","type-post","status-publish","format-standard","has-post-thumbnail","hentry","category-escola","category-esport","category-vela","tag-131","tag-balis","tag-competiciones","tag-competicions","tag-copa","tag-espana","tag-espanya","tag-regata","tag-vela"],"acf":[],"_links":{"self":[{"href":"https:\/\/www.cnelbalis.com\/ca\/wp-json\/wp\/v2\/posts\/29420","targetHints":{"allow":["GET"]}}],"collection":[{"href":"https:\/\/www.cnelbalis.com\/ca\/wp-json\/wp\/v2\/posts"}],"about":[{"href":"https:\/\/www.cnelbalis.com\/ca\/wp-json\/wp\/v2\/types\/post"}],"author":[{"embeddable":true,"href":"https:\/\/www.cnelbalis.com\/ca\/wp-json\/wp\/v2\/users\/1"}],"replies":[{"embeddable":true,"href":"https:\/\/www.cnelbalis.com\/ca\/wp-json\/wp\/v2\/comments?post=29420"}],"version-history":[{"count":1,"href":"https:\/\/www.cnelbalis.com\/ca\/wp-json\/wp\/v2\/posts\/29420\/revisions"}],"predecessor-version":[{"id":31397,"href":"https:\/\/www.cnelbalis.com\/ca\/wp-json\/wp\/v2\/posts\/29420\/revisions\/31397"}],"wp:featuredmedia":[{"embeddable":true,"href":"https:\/\/www.cnelbalis.com\/ca\/wp-json\/wp\/v2\/media\/4767"}],"wp:attachment":[{"href":"https:\/\/www.cnelbalis.com\/ca\/wp-json\/wp\/v2\/media?parent=29420"}],"wp:term":[{"taxonomy":"category","embeddable":true,"href":"https:\/\/www.cnelbalis.com\/ca\/wp-json\/wp\/v2\/categories?post=29420"},{"taxonomy":"post_tag","embeddable":true,"href":"https:\/\/www.cnelbalis.com\/ca\/wp-json\/wp\/v2\/tags?post=29420"}],"curies":[{"name":"wp","href":"https:\/\/api.w.org\/{rel}","templated":true}]}}