{"id":29419,"date":"2021-04-29T09:54:56","date_gmt":"2021-04-29T07:54:56","guid":{"rendered":"https:\/\/club.cnelbalis.com\/les-millors-tripulacions-de-420-seran-a-la-copa-despanya-a-el-balis\/"},"modified":"2022-06-24T09:01:19","modified_gmt":"2022-06-24T07:01:19","slug":"les-millors-tripulacions-de-420-seran-a-la-copa-despanya-a-el-balis","status":"publish","type":"post","link":"https:\/\/www.cnelbalis.com\/ca\/les-millors-tripulacions-de-420-seran-a-la-copa-despanya-a-el-balis\/","title":{"rendered":"Les millors tripulacions de 420 seran a la Copa d&#8217;Espanya a El Bal\u00eds"},"content":{"rendered":"<p><strong>\u2022 Es celebrar\u00e0 del 29 d&#8217;abril al 2 de maig en aig\u00fces de Sant Andreu de Llavaneres<\/strong><br \/>\n<strong>\u2022 Les recentment campiones d&#8217;Espanya, les balears Neus Ballester i Andrea Perell\u00f3, parteixen com a grans favorites<\/strong><\/p>\n<p><img loading=\"lazy\" decoding=\"async\" class=\"size-medium wp-image-21875 alignleft\" src=\"https:\/\/www.cnelbalis.com\/wp-content\/uploads\/vj-w\/-i\/20180512_cornudella_IMG_8509-300x200.jpg\" alt=\"\" width=\"300\" height=\"200\" \/>El Club N\u00e0utic El Bal\u00eds es prepara per acollir, m\u00e9s d&#8217;un any despr\u00e9s, una regata a nivell estatal. La Copa d&#8217;Espanya de 420, que se celebrar\u00e0 del 29 d&#8217;abril al 2 de maig en aig\u00fces de Sant Andreu de Llavaneres (Barcelona).<\/p>\n<p>El club n\u00e0utic maresmenc \u00e9s un dels m\u00e9s actius a Espanya amb la celebraci\u00f3 com a m\u00ednim d&#8217;una regata nacional o internacional a l&#8217;any. La classe 420 \u00e9s l&#8217;avantsala de l&#8217;ol\u00edmpica 470, i de cara als Jocs Ol\u00edmpics de Par\u00eds en 2024 arriben una s\u00e8rie de tripulacions amb molta for\u00e7a. El CN El Bal\u00eds compta amb un equip juvenil de 470 amb gran projecci\u00f3.<\/p>\n<p>A la Copa d&#8217;Espanya de 420 participaran les millors tripulacions de pa\u00eds, i que arriben a El Bal\u00eds procedents de Santander on es va celebrar fa poques setmanes el Campionat d&#8217;Espanya. Entre els equips que ja es troben a El Bal\u00eds estan el de les campiones absolutes en el Nacional i tripulaci\u00f3 de refer\u00e8ncia, la de les mallorquines Neus Ballester i Andrea Perell\u00f3.<br \/>\nLa regatista del CN Arenal explica que &#8220;la Copa d&#8217;Espanya a El Bal\u00eds \u00e9s el nostre segon gran objectiu de l&#8217;any&#8221; i afegeix amb confian\u00e7a que &#8220;intentarem donar el m\u00e0xim de nosaltres i fer-ho el millor possible per anar motivades al Mundial i a l&#8217;Europeu que es disputaran a It\u00e0lia al mes de juliol &#8220;. Mentre que la patrona del CN Sa R\u00e0pita, avisa la resta de la flota: &#8220;No els posarem les coses f\u00e0cils als nostres rivals, seguim entrenant molt i amb moltes ganes&#8221;.<\/p>\n<p>Les tripulacions que van guanyar el Campionat d&#8217;Espanya a la resta de categories tamb\u00e9 competiran a la cita d\u2019El Bal\u00eds. A m\u00e9s de Ballester i Perell\u00f3, hi ha els campions d&#8217;Espanya en categoria masculina, el balear Pablo Ru\u00edz i el regatista local Javier Mestre, que buscaran guanyar la Copa d&#8217;Espanya aprofitant els seus coneixements de el camp de regates del Maresme.<\/p>\n<p>En categoria sub-19 els canaris Alberto Morales i Miguel Betencourt parteixen en el grup de favorits, on tamb\u00e9 hi ha els germans andalusos Fernando i Carlos Flethes. I en categoria sub-17 caldr\u00e0 seguir de prop les tripulacions de Marc Mesquida \/ Ram\u00f3n Villanueva i Maria Perell\u00f3 \/ Marta Cardona en categories masculina i femenina respectivament.<\/p>\n<p>Hi participaran prop de 70 embarcacions de sis territorials: Andalusia, Balears, Can\u00e0ries, Catalunya, Comunitat Valenciana i Gal\u00edcia. Tamb\u00e9 hi haur\u00e0 tres tripulacions alemanyes, que competiran en Open per\u00f2 que no opten a guanyar la Copa d&#8217;Espanya.<\/p>\n<p>Des d\u2019El Bal\u00eds sempre s&#8217;ha apostat per les classes amb tripulacions joves i amb projecci\u00f3 com poden ser el cas de 420, el Europe o el 29er; i que tenen el seu lloc en una de les regates anuals que s&#8217;ha consolidat en el calendari continental com \u00e9s la MedSaling, que habitualment se celebra al febrer, per\u00f2 que aquest any a causa de la situaci\u00f3 sanit\u00e0ria s&#8217;ha traslladat a l&#8217;octubre. Aix\u00f2 sense oblidar altres competicions com els Mundials d&#8217;Europe i M\u00e0ster de Finn, que es van disputar fa un parell de temporades en aquestes aig\u00fces. Aix\u00ed com el proper estiu, que ser\u00e0 la seu al Mundial de 29er.<\/p>\n","protected":false},"excerpt":{"rendered":"<p>\u2022 Es celebrar\u00e0 del 29 d&#8217;abril al 2 de maig en aig\u00fces de Sant Andreu de Llavaneres \u2022 Les recentment campiones d&#8217;Espanya, les balears Neus Ballester i Andrea Perell\u00f3, parteixen com a grans favorites El Club N\u00e0utic El Bal\u00eds es prepara per acollir, m\u00e9s d&#8217;un any despr\u00e9s, una regata a nivell estatal. La Copa d&#8217;Espanya [&hellip;]<\/p>\n","protected":false},"author":1,"featured_media":0,"comment_status":"open","ping_status":"open","sticky":false,"template":"","format":"standard","meta":{"footnotes":""},"categories":[783,782,23],"tags":[595,131,2079,113,114,79,687,76,603,52],"class_list":["post-29419","post","type-post","status-publish","format-standard","hentry","category-escola","category-esport","category-vela","tag-regatas","tag-131","tag-competicions","tag-copa","tag-espana","tag-espanya","tag-lleugera","tag-regata","tag-regates","tag-vela"],"acf":[],"_links":{"self":[{"href":"https:\/\/www.cnelbalis.com\/ca\/wp-json\/wp\/v2\/posts\/29419","targetHints":{"allow":["GET"]}}],"collection":[{"href":"https:\/\/www.cnelbalis.com\/ca\/wp-json\/wp\/v2\/posts"}],"about":[{"href":"https:\/\/www.cnelbalis.com\/ca\/wp-json\/wp\/v2\/types\/post"}],"author":[{"embeddable":true,"href":"https:\/\/www.cnelbalis.com\/ca\/wp-json\/wp\/v2\/users\/1"}],"replies":[{"embeddable":true,"href":"https:\/\/www.cnelbalis.com\/ca\/wp-json\/wp\/v2\/comments?post=29419"}],"version-history":[{"count":1,"href":"https:\/\/www.cnelbalis.com\/ca\/wp-json\/wp\/v2\/posts\/29419\/revisions"}],"predecessor-version":[{"id":31396,"href":"https:\/\/www.cnelbalis.com\/ca\/wp-json\/wp\/v2\/posts\/29419\/revisions\/31396"}],"wp:attachment":[{"href":"https:\/\/www.cnelbalis.com\/ca\/wp-json\/wp\/v2\/media?parent=29419"}],"wp:term":[{"taxonomy":"category","embeddable":true,"href":"https:\/\/www.cnelbalis.com\/ca\/wp-json\/wp\/v2\/categories?post=29419"},{"taxonomy":"post_tag","embeddable":true,"href":"https:\/\/www.cnelbalis.com\/ca\/wp-json\/wp\/v2\/tags?post=29419"}],"curies":[{"name":"wp","href":"https:\/\/api.w.org\/{rel}","templated":true}]}}