{"id":29417,"date":"2021-04-26T10:48:03","date_gmt":"2021-04-26T08:48:03","guid":{"rendered":"https:\/\/club.cnelbalis.com\/tatan-riquelme-i-miquel-perez-campions-de-catalunya-absoluts-de-420-per-3r-any-consecutiu\/"},"modified":"2022-06-24T09:01:19","modified_gmt":"2022-06-24T07:01:19","slug":"tatan-riquelme-i-miquel-perez-campions-de-catalunya-absoluts-de-420-per-3r-any-consecutiu","status":"publish","type":"post","link":"https:\/\/www.cnelbalis.com\/ca\/tatan-riquelme-i-miquel-perez-campions-de-catalunya-absoluts-de-420-per-3r-any-consecutiu\/","title":{"rendered":"Tat\u00e1n Riquelme i Miquel P\u00e9rez, campions de Catalunya absoluts de 420 per 3r any consecutiu"},"content":{"rendered":"<ul>\n<li><strong>Podi complet femen\u00ed de la flota d&#8217;Europe<\/strong><\/li>\n<\/ul>\n<p>Aquest cap de setmana han finalitzat els tres Campionats de Catalunya que s\u2019havien iniciat el cap de setmana anterior en diferents Clubs de Catalunya.<\/p>\n<p>El Campionat de <strong>420 i Europe<\/strong> va tenir lloc en aig\u00fces de Blanes. Els regatistes del CN El Bal\u00eds, tant de 420 com d\u2019Europe, van pujar fins a 6 vegades al podi a buscar el seu merescut trofeu.<\/p>\n<p>Tat\u00e1n Riquelme i Miquel P\u00e9rez van pujar al primer esgla\u00f3 del podi com a campions absoluts de Catalunya de 420, convertint-se en campions per 3r any consecutiu. Pau Llibre i Alberto Marsans van completar el podi finalitzant 3rs absoluts.<\/p>\n<p>Pel que fa als Europes, el podi de categoria femenina es va completar amb regatistes del club. M\u00f2nica Venhoveen es va proclamar campiona f\u00e8mina i tercera de la general. La va seguir Nora Lasurt amb la plata i Helena Pru\u00f1onosa amb el bronze.<\/p>\n<p>Les dues classes van completar les proves previstes durant el primer cap de setmana que a difer\u00e8ncia del primer, les condicions meteorol\u00f2giques d\u2019aquest no van permetre realitzar-ne cap.<\/p>\n<p>Aix\u00ed mateix, a Salou, es va disputar el<strong> Campionat de Catalunya de Windsurf<\/strong>. Amb unes condicions excel\u00b7lents els dos caps de setmana, on durant el primer va protagonitzar el mestral i garb\u00ed amb 14 nusos de mitja, es van realizar durant els 4 dies, 12 proves.<\/p>\n<p>Els windsurfs del club es van emportar un total de 7 medalles per uns extraordinaris i meritoris resultats.<\/p>\n<p>En la categoria IQFoil, Julia Gomez Roa va proclamar-se campiona f\u00e8mina seguida de Natalia de Francisco que va pujar al segon esgla\u00f3 del podi femen\u00ed. El podi el va tancar Mar Garcia finalitzant tercera f\u00e8mina.<\/p>\n<p>En Techno Plus, Juana DeDomenici va classificar-se com a subcampiona f\u00e8mina i Adriana Pru\u00f1onosa, tercera. En TECNO293 sub15, Eva Piris va finalitzar primera f\u00e8mina.<\/p>\n<p><strong>420:<\/strong><br \/>\n1.Tat\u00e1n Riquelme \/ Miquel P\u00e9rez<br \/>\n3.Pau Llibre \/ Alberto Marsans<br \/>\n3. Sots17 Gonzalo Ferrando \/ Trist\u00e1n Marsans<br \/>\n2.Sots19: Pau Llibre \/ Alberto Marsans<br \/>\n2 f\u00e8mines: Marina Giralt \/ Espe Mestre<br \/>\n3 f\u00e8mines: Joana Giralt \/ Vicky Pru\u00f1onosa<\/p>\n<p><strong>Europe:<\/strong><br \/>\n1 f\u00e8mina. M\u00f2nica Veenhoven (+ 3a absoluta)<br \/>\n2 f\u00e8mina. Nora Lasurt (+1a Sots 20 f\u00e8mina)<br \/>\n3 f\u00e8mina. Helena Pru\u00f1onosa (+ 3a Sots 20 f\u00e8mina)<\/p>\n<p><strong>IQFOIL:<\/strong><br \/>\n1era f\u00e8mina Julia Gomez<br \/>\n2a f\u00e8mina Natalia de Francisco<br \/>\n3era f\u00e8mina Mar Garcia<br \/>\n2n sub19 Santi Costa<br \/>\n4rt sub19 Lucas Garcia<br \/>\n14 absolut Mart\u00ed \u00c1ngel<\/p>\n<p><strong>TECHNO PLUS:<\/strong><br \/>\n2a f\u00e8mina Juana DeDomenici<br \/>\n3era f\u00e8mina Adriana Pru\u00f1onosa<br \/>\n4rta f\u00e8mina Jinling Belenguer<br \/>\n4rt mascul\u00ed Marc Rovira<\/p>\n<p><strong>TECHNO293 sub17:<\/strong><br \/>\n8\u00e8 absolut Iu Amiraux<\/p>\n<p><strong>TECNO293 sub15:<\/strong><br \/>\n1era f\u00e8mina Eva Piris<\/p>\n<p>&nbsp;<\/p>\n\n","protected":false},"excerpt":{"rendered":"<p>Podi complet femen\u00ed de la flota d&#8217;Europe Aquest cap de setmana han finalitzat els tres Campionats de Catalunya que s\u2019havien iniciat el cap de setmana anterior en diferents Clubs de Catalunya. El Campionat de 420 i Europe va tenir lloc en aig\u00fces de Blanes. Els regatistes del CN El Bal\u00eds, tant de 420 com d\u2019Europe, [&hellip;]<\/p>\n","protected":false},"author":1,"featured_media":0,"comment_status":"open","ping_status":"open","sticky":false,"template":"","format":"standard","meta":{"footnotes":""},"categories":[783,782,23],"tags":[131,185,66,132,69,80,707,76,495,291,105],"class_list":["post-29417","post","type-post","status-publish","format-standard","hentry","category-escola","category-esport","category-vela","tag-131","tag-blanes","tag-campionat","tag-catalunya","tag-competicio","tag-europe","tag-iqfoil","tag-regata","tag-salou","tag-techno","tag-windsurf"],"acf":[],"_links":{"self":[{"href":"https:\/\/www.cnelbalis.com\/ca\/wp-json\/wp\/v2\/posts\/29417","targetHints":{"allow":["GET"]}}],"collection":[{"href":"https:\/\/www.cnelbalis.com\/ca\/wp-json\/wp\/v2\/posts"}],"about":[{"href":"https:\/\/www.cnelbalis.com\/ca\/wp-json\/wp\/v2\/types\/post"}],"author":[{"embeddable":true,"href":"https:\/\/www.cnelbalis.com\/ca\/wp-json\/wp\/v2\/users\/1"}],"replies":[{"embeddable":true,"href":"https:\/\/www.cnelbalis.com\/ca\/wp-json\/wp\/v2\/comments?post=29417"}],"version-history":[{"count":1,"href":"https:\/\/www.cnelbalis.com\/ca\/wp-json\/wp\/v2\/posts\/29417\/revisions"}],"predecessor-version":[{"id":31394,"href":"https:\/\/www.cnelbalis.com\/ca\/wp-json\/wp\/v2\/posts\/29417\/revisions\/31394"}],"wp:attachment":[{"href":"https:\/\/www.cnelbalis.com\/ca\/wp-json\/wp\/v2\/media?parent=29417"}],"wp:term":[{"taxonomy":"category","embeddable":true,"href":"https:\/\/www.cnelbalis.com\/ca\/wp-json\/wp\/v2\/categories?post=29417"},{"taxonomy":"post_tag","embeddable":true,"href":"https:\/\/www.cnelbalis.com\/ca\/wp-json\/wp\/v2\/tags?post=29417"}],"curies":[{"name":"wp","href":"https:\/\/api.w.org\/{rel}","templated":true}]}}