{"id":29411,"date":"2021-04-13T07:23:15","date_gmt":"2021-04-13T05:23:15","guid":{"rendered":"https:\/\/club.cnelbalis.com\/4-podis-de-la-flota-europe-a-la-copa-despanya-de-la-classe\/"},"modified":"2022-06-24T09:01:19","modified_gmt":"2022-06-24T07:01:19","slug":"4-podis-de-la-flota-europe-a-la-copa-despanya-de-la-classe","status":"publish","type":"post","link":"https:\/\/www.cnelbalis.com\/ca\/4-podis-de-la-flota-europe-a-la-copa-despanya-de-la-classe\/","title":{"rendered":"4 podis de la flota Europe a la Copa d&#8217;Espanya de la classe"},"content":{"rendered":"<p>Del 8 a l&#8217;11 d&#8217;abril es va disputar al RCN Torrevieja la Copa d&#8217;Espanya de la classe Europe.<\/p>\n<p>Quatre regatistes de la flota d&#8217;El Bal\u00eds van participar obtenint bon\u00edssims resultats.<\/p>\n<p>Nora Lasurt, es va proclamar campiona Sub-20 femenina i tercera absoluta femenina. Al podi absolut, va pujar tamb\u00e9 Monica Veenhoven a recollir la seva plata, quedant subcampiona absoluta femenina. Helena Pru\u00f1onosa, tamb\u00e9 del CN \u200b\u200bEl Bal\u00eds, va finalitzar subcampiona Sub-20 femenina.<\/p>\n<p>A aquests resultats se sumen els de Nico Borr\u00e0s que va quedar a les portes del podi, finalitzant 4rt i a nom\u00e9s a un punt del 3r.<\/p>\n<p>El lliurament de premis va tenir lloc al RCN Torrevieja, amb la pres\u00e8ncia de la Vice-alcaldessa de Torrevella, Rosario Chazara; la regidora d&#8217;esports Diana Box; el president de RCN Torrevieja, Germ\u00e1n Soler; el vocal de vela Andrei Stepanov; el secretari nacional de la classe, Oriol Subir\u00e0; i el president de la Federaci\u00f3 de Vela de la Comunitat Valenciana, Carlos Torrado.<\/p>\n<p>Al llarg de tot el campionat es van complir amb totes les normes de sanitat fent d&#8217;aquest un esdeveniment segur, donant als esportistes un exemple de compliment de les normes i respecte a la legalitat sanit\u00e0ria.<\/p>\n<p>Tots els resultats: <a href=\"https:\/\/bit.ly\/3262qDO\" target=\"_blank\" rel=\"noopener noreferrer\">aqu\u00ed<\/a>.<\/p>\n\n","protected":false},"excerpt":{"rendered":"<p>Del 8 a l&#8217;11 d&#8217;abril es va disputar al RCN Torrevieja la Copa d&#8217;Espanya de la classe Europe. Quatre regatistes de la flota d&#8217;El Bal\u00eds van participar obtenint bon\u00edssims resultats. Nora Lasurt, es va proclamar campiona Sub-20 femenina i tercera absoluta femenina. Al podi absolut, va pujar tamb\u00e9 Monica Veenhoven a recollir la seva plata, [&hellip;]<\/p>\n","protected":false},"author":1,"featured_media":0,"comment_status":"open","ping_status":"open","sticky":false,"template":"","format":"standard","meta":{"footnotes":""},"categories":[783,782,23],"tags":[595,65,692,80,342,661,52],"class_list":["post-29411","post","type-post","status-publish","format-standard","hentry","category-escola","category-esport","category-vela","tag-regatas","tag-balis","tag-competiciones","tag-europe","tag-navegar","tag-regatistas","tag-vela"],"acf":[],"_links":{"self":[{"href":"https:\/\/www.cnelbalis.com\/ca\/wp-json\/wp\/v2\/posts\/29411","targetHints":{"allow":["GET"]}}],"collection":[{"href":"https:\/\/www.cnelbalis.com\/ca\/wp-json\/wp\/v2\/posts"}],"about":[{"href":"https:\/\/www.cnelbalis.com\/ca\/wp-json\/wp\/v2\/types\/post"}],"author":[{"embeddable":true,"href":"https:\/\/www.cnelbalis.com\/ca\/wp-json\/wp\/v2\/users\/1"}],"replies":[{"embeddable":true,"href":"https:\/\/www.cnelbalis.com\/ca\/wp-json\/wp\/v2\/comments?post=29411"}],"version-history":[{"count":1,"href":"https:\/\/www.cnelbalis.com\/ca\/wp-json\/wp\/v2\/posts\/29411\/revisions"}],"predecessor-version":[{"id":31388,"href":"https:\/\/www.cnelbalis.com\/ca\/wp-json\/wp\/v2\/posts\/29411\/revisions\/31388"}],"wp:attachment":[{"href":"https:\/\/www.cnelbalis.com\/ca\/wp-json\/wp\/v2\/media?parent=29411"}],"wp:term":[{"taxonomy":"category","embeddable":true,"href":"https:\/\/www.cnelbalis.com\/ca\/wp-json\/wp\/v2\/categories?post=29411"},{"taxonomy":"post_tag","embeddable":true,"href":"https:\/\/www.cnelbalis.com\/ca\/wp-json\/wp\/v2\/tags?post=29411"}],"curies":[{"name":"wp","href":"https:\/\/api.w.org\/{rel}","templated":true}]}}