{"id":29408,"date":"2021-04-07T08:16:02","date_gmt":"2021-04-07T06:16:02","guid":{"rendered":"https:\/\/club.cnelbalis.com\/ja-pots-fer-la-inscripcio-pel-balis-camp-2021\/"},"modified":"2022-06-24T09:01:19","modified_gmt":"2022-06-24T07:01:19","slug":"ja-pots-fer-la-inscripcio-pel-balis-camp-2021","status":"publish","type":"post","link":"https:\/\/www.cnelbalis.com\/ca\/ja-pots-fer-la-inscripcio-pel-balis-camp-2021\/","title":{"rendered":"Ja pots fer la inscripci\u00f3 pel Bal\u00eds Camp 2021"},"content":{"rendered":"<p>Comen\u00e7a el compte enrere per final de curs, per celebrar la revetlla de Sant Joan, per dir \u201cBenvingut estiu\u201d i amb totes aquestes per iniciar un nou any el Bal\u00eds Camp!!<br \/>\nLes inscirpcions estan obertes!<\/p>\n<p>El Bal\u00eds Camp \u00e9s el casal multiesportiu infantil i juvenil per excel\u00b7l\u00e8ncia. \u00c9s un casal divertit, on els nens i nenes, aprenen la t\u00e8cnica de la vela i practiquen diversos esports n\u00e0utics a l\u2019aire lliure, gaudint del temps, de l\u2019aigua i, del m\u00e9s important, els nous amics que fan.<\/p>\n<p>L\u2019any passat, en ple any de pand\u00e8mia, ens v\u00e0rem replantejar el format del Bal\u00eds Camp. V\u00e0rem prendre totes les mesures necess\u00e0ries perqu\u00e8 les activitats es desenvolupessin de forma segura i sense perdre de vista els principals objectius del casal: diversi\u00f3, pedagogia i foment dels valors propis del Bal\u00eds (amistat, treball en equip, respecte pel medi ambient, etc.) i treballant molt especialment la sensibilitzaci\u00f3 dels m\u00e9s petits en relaci\u00f3 amb aquesta nova normalitat provocada per la pand\u00e8mia Covid-19.<\/p>\n<p>Aquest any repetirem. Seguirem des del primer dia un exhaustiu protocol de seguretat pel respecte i tranquil\u00b7litat de tots.<\/p>\n<p>No t\u2019ho pensis m\u00e9s i&#8230; Vine al Bal\u00eds Camp!<\/p>\n<p>Fes la compra <a href=\"https:\/\/esports.cnelbalis.com\/campus\" target=\"_blank\" rel=\"noopener noreferrer\">AQU\u00cd<\/a> !<\/p>\n<p><iframe loading=\"lazy\" title=\"V\u00eddeo resum del Bal\u00eds Camp 2020\" width=\"1150\" height=\"647\" src=\"https:\/\/www.youtube.com\/embed\/7f_y46MTOCc?feature=oembed\" frameborder=\"0\" allow=\"accelerometer; autoplay; clipboard-write; encrypted-media; gyroscope; picture-in-picture\" allowfullscreen><\/iframe><\/p>\n","protected":false},"excerpt":{"rendered":"<p>Comen\u00e7a el compte enrere per final de curs, per celebrar la revetlla de Sant Joan, per dir \u201cBenvingut estiu\u201d i amb totes aquestes per iniciar un nou any el Bal\u00eds Camp!! Les inscirpcions estan obertes! El Bal\u00eds Camp \u00e9s el casal multiesportiu infantil i juvenil per excel\u00b7l\u00e8ncia. \u00c9s un casal divertit, on els nens i [&hellip;]<\/p>\n","protected":false},"author":1,"featured_media":0,"comment_status":"open","ping_status":"open","sticky":false,"template":"","format":"standard","meta":{"footnotes":""},"categories":[783,782,23],"tags":[65,189,217,633,718,340,209,659,269,264,688,342,660,223,52],"class_list":["post-29408","post","type-post","status-publish","format-standard","hentry","category-escola","category-esport","category-vela","tag-balis","tag-caiac","tag-camp","tag-casal","tag-curs","tag-escola","tag-estiu","tag-extraescolar","tag-infantil","tag-juvenil","tag-multiesportiu","tag-navegar","tag-nens","tag-padel","tag-vela"],"acf":[],"_links":{"self":[{"href":"https:\/\/www.cnelbalis.com\/ca\/wp-json\/wp\/v2\/posts\/29408","targetHints":{"allow":["GET"]}}],"collection":[{"href":"https:\/\/www.cnelbalis.com\/ca\/wp-json\/wp\/v2\/posts"}],"about":[{"href":"https:\/\/www.cnelbalis.com\/ca\/wp-json\/wp\/v2\/types\/post"}],"author":[{"embeddable":true,"href":"https:\/\/www.cnelbalis.com\/ca\/wp-json\/wp\/v2\/users\/1"}],"replies":[{"embeddable":true,"href":"https:\/\/www.cnelbalis.com\/ca\/wp-json\/wp\/v2\/comments?post=29408"}],"version-history":[{"count":1,"href":"https:\/\/www.cnelbalis.com\/ca\/wp-json\/wp\/v2\/posts\/29408\/revisions"}],"predecessor-version":[{"id":31385,"href":"https:\/\/www.cnelbalis.com\/ca\/wp-json\/wp\/v2\/posts\/29408\/revisions\/31385"}],"wp:attachment":[{"href":"https:\/\/www.cnelbalis.com\/ca\/wp-json\/wp\/v2\/media?parent=29408"}],"wp:term":[{"taxonomy":"category","embeddable":true,"href":"https:\/\/www.cnelbalis.com\/ca\/wp-json\/wp\/v2\/categories?post=29408"},{"taxonomy":"post_tag","embeddable":true,"href":"https:\/\/www.cnelbalis.com\/ca\/wp-json\/wp\/v2\/tags?post=29408"}],"curies":[{"name":"wp","href":"https:\/\/api.w.org\/{rel}","templated":true}]}}