{"id":29396,"date":"2021-03-21T16:42:29","date_gmt":"2021-03-21T15:42:29","guid":{"rendered":"https:\/\/club.cnelbalis.com\/nico-borras-subcampio-deurope-i-alex-i-david-charles-3rs-de-420-en-la-n2-a-el-balis\/"},"modified":"2022-06-24T09:01:12","modified_gmt":"2022-06-24T07:01:12","slug":"nico-borras-subcampio-deurope-i-alex-i-david-charles-3rs-de-420-en-la-n2-a-el-balis","status":"publish","type":"post","link":"https:\/\/www.cnelbalis.com\/ca\/nico-borras-subcampio-deurope-i-alex-i-david-charles-3rs-de-420-en-la-n2-a-el-balis\/","title":{"rendered":"Nico Borr\u00e0s, subcampi\u00f3 d\u2019Europe\u00a0i Alex i David\u00a0Charles 3rs\u00a0de 420 en la N2 a el Bal\u00eds"},"content":{"rendered":"<p>Aquest cap de setmana, 20 i 21 de mar\u00e7, s\u2019ha disputat la regata N2 de 420 i Europe.<\/p>\n<p>Un total de 64 embarcacions, 32 Europes i 32 420, han format part de la primera regata del 2021 que el CN El Bal\u00eds organitza un cop represes les competicions.<\/p>\n<p>Durant la primera jornada, el Comit\u00e8 de Regata va esperar fins a l\u2019\u00faltim moment per\u00f2 a mig mat\u00ed ja va comunicar que s\u2019anul\u00b7laven les proves del dia per exc\u00e9s de vent i onatge. El vent es mantenia entre 23 nusos estables amb ratxes de 30. En canvi, el diumenge, les condicions han estat excepcionals i s\u2019han realitzat un total de 4 proves en ambdues classes, amb vent d\u2019entre 6 i 10 nusos amb pics de 12.<\/p>\n<p>Nico Borras, s\u2019ha proclamat subcampi\u00f3 absolut d\u2019Europe mentre que en 420, David i Alex Charles s\u2019han emportat el bronze de la general.<\/p>\n<p>L\u2019entrega de trofeus ha estat redu\u00efda sempre seguint les mesures i protocol per evitar la propagaci\u00f3 de la Covid 19. En ella hi ha assistit Xavier Torres, President de la Federaci\u00f3 Catalana de Vela, i Fran Ripoll, President del CN El Bal\u00eds.<\/p>\n\n","protected":false},"excerpt":{"rendered":"<p>Aquest cap de setmana, 20 i 21 de mar\u00e7, s\u2019ha disputat la regata N2 de 420 i Europe. Un total de 64 embarcacions, 32 Europes i 32 420, han format part de la primera regata del 2021 que el CN El Bal\u00eds organitza un cop represes les competicions. Durant la primera jornada, el Comit\u00e8 de [&hellip;]<\/p>\n","protected":false},"author":1,"featured_media":0,"comment_status":"open","ping_status":"open","sticky":false,"template":"","format":"standard","meta":{"footnotes":""},"categories":[783,782,23],"tags":[131,69,80,591,335,76],"class_list":["post-29396","post","type-post","status-publish","format-standard","hentry","category-escola","category-esport","category-vela","tag-131","tag-competicio","tag-europe","tag-flota","tag-n2","tag-regata"],"acf":[],"_links":{"self":[{"href":"https:\/\/www.cnelbalis.com\/ca\/wp-json\/wp\/v2\/posts\/29396","targetHints":{"allow":["GET"]}}],"collection":[{"href":"https:\/\/www.cnelbalis.com\/ca\/wp-json\/wp\/v2\/posts"}],"about":[{"href":"https:\/\/www.cnelbalis.com\/ca\/wp-json\/wp\/v2\/types\/post"}],"author":[{"embeddable":true,"href":"https:\/\/www.cnelbalis.com\/ca\/wp-json\/wp\/v2\/users\/1"}],"replies":[{"embeddable":true,"href":"https:\/\/www.cnelbalis.com\/ca\/wp-json\/wp\/v2\/comments?post=29396"}],"version-history":[{"count":1,"href":"https:\/\/www.cnelbalis.com\/ca\/wp-json\/wp\/v2\/posts\/29396\/revisions"}],"predecessor-version":[{"id":31373,"href":"https:\/\/www.cnelbalis.com\/ca\/wp-json\/wp\/v2\/posts\/29396\/revisions\/31373"}],"wp:attachment":[{"href":"https:\/\/www.cnelbalis.com\/ca\/wp-json\/wp\/v2\/media?parent=29396"}],"wp:term":[{"taxonomy":"category","embeddable":true,"href":"https:\/\/www.cnelbalis.com\/ca\/wp-json\/wp\/v2\/categories?post=29396"},{"taxonomy":"post_tag","embeddable":true,"href":"https:\/\/www.cnelbalis.com\/ca\/wp-json\/wp\/v2\/tags?post=29396"}],"curies":[{"name":"wp","href":"https:\/\/api.w.org\/{rel}","templated":true}]}}