{"id":29394,"date":"2021-03-08T11:59:03","date_gmt":"2021-03-08T10:59:03","guid":{"rendered":"https:\/\/club.cnelbalis.com\/cap-de-setmana-complert-per-les-flotes-del-balis\/"},"modified":"2022-06-24T09:01:12","modified_gmt":"2022-06-24T07:01:12","slug":"cap-de-setmana-complert-per-les-flotes-del-balis","status":"publish","type":"post","link":"https:\/\/www.cnelbalis.com\/ca\/cap-de-setmana-complert-per-les-flotes-del-balis\/","title":{"rendered":"Cap de setmana complert per les flotes d\u2019El Bal\u00eds"},"content":{"rendered":"<p>Aquest cap de setmana les flotes del Cn El Bal\u00eds s\u2019han despla\u00e7at a diferents Clubs per disputar diverses regates.<\/p>\n<p>Gr\u00e0cies a la lleugera obertura de mesures dictades pel Procicat s\u2019han repr\u00e8s algunes de les competicions arreu i els regatistes poden despla\u00e7ar-se per participar en elles.<br \/>\nLa classe Europe i 420 han estat al CN El Masnou disputant la N2 de les dues classes. Les condicions meteorol\u00f2giques han estat tranquiles amb vent suaus per\u00f2 que han perm\u00e8s celebrar el m\u00e0xim de proves previstes.<\/p>\n<p>La parella formada per Pau Llibre i Alberto Marsans s&#8217;ha proclamat vencedora de 420 i Nico Borr\u00e0s ha estat el campi\u00f3 en classe Europa.<\/p>\n<p>Aix\u00ed mateix, la flota de Windsurf s\u2019ha despla\u00e7at fins a l\u2019Hospitalet de Vandell\u00f2s per disputar la regata N2 de l\u2019Ultra Trail del Mestral. Despr\u00e9s d\u2019una primera jornada de regata amb bon vent i un diumenge sense proves, l\u2019equip de windsurf del Club ha fet un molt bon paper amb 3 podis i 14 regatistes representant al club.<\/p>\n<p>La flota de creuers tamb\u00e9 ha estat competint.<\/p>\n<p>L\u2019Hydra s\u2019ha proclamat campi\u00f3 en temps real de les 200 milles A2.<\/p>\n<p>I el Comet@, subcampi\u00f3 A2 a la 41\u00aa edici\u00f3 de la Regata Columbretes. Aix\u00ed mateix, l\u2019Asterix, 10\u00e8 A2 i el Birras, 5\u00e8 en Tripulaci\u00f3. Pel que fa a la regata curta, el Filigrana ha finalitzat 14\u00e8.<\/p>\n<p>Des del Club volem transmetre molta energia a l\u2019equip juvenil, Nacho D\u00e0vila i Maria Gonz\u00e1lez qui estan des d\u2019avui, participant al Mundial de 470 a Vilamoura, Portugal!<\/p>\n<p><strong>RESULTATS DEL CN EL BALIS:<\/strong><\/p>\n<p>&#x1f3c6; Nico Borr\u00e1s (Europa)<br \/>\n&#x1f3c6; Pau Llibre\/ Alberto Marsans (420)<br \/>\n<strong>Podis Europe:<\/strong><br \/>\n&#x1f947; Nico Borr\u00e1s (absolut)<br \/>\n&#x1f949;M\u00f2nica Veenhoven (absoluta)<br \/>\n&#x1f948; M\u00f2nica Veenhoven (f\u00e8mina)<br \/>\n&#x1f949;Helena Pru\u00f1onosa (sots 20 f\u00e8mina)<br \/>\n<strong>Podis 420:<\/strong><br \/>\n&#x1f947; Pau Llibre\/ Alberto Marsans (absoluts)<br \/>\n&#x1f948; Tat\u00e1n Riquelme\/ Miquel P\u00e9rez (masculins)<br \/>\n&#x1f949;Tat\u00e1n Riquelme\/ Miquel P\u00e9rez (absoluts)<br \/>\n&#x1f947; Pau Llibre\/ Alberto Marsans (sots 19)<\/p>\n<p><strong>Podis Windsurf<\/strong><br \/>\n&#x1f949;Eva Piris: 3era Sub15 Techno<br \/>\n&#x1f949; Marc Rovira: 3r Techno 293 Plus<br \/>\n&#x1f948;Rodrigo Costa: 2on Open Foil<br \/>\n&#x1f3c6;Natalia: 1era Femina Open Foil<\/p>\n\n","protected":false},"excerpt":{"rendered":"<p>Aquest cap de setmana les flotes del Cn El Bal\u00eds s\u2019han despla\u00e7at a diferents Clubs per disputar diverses regates. Gr\u00e0cies a la lleugera obertura de mesures dictades pel Procicat s\u2019han repr\u00e8s algunes de les competicions arreu i els regatistes poden despla\u00e7ar-se per participar en elles. La classe Europe i 420 han estat al CN El [&hellip;]<\/p>\n","protected":false},"author":1,"featured_media":0,"comment_status":"open","ping_status":"open","sticky":false,"template":"","format":"standard","meta":{"footnotes":""},"categories":[783,782,23],"tags":[131,170,2079,61,80,640,57,603,105],"class_list":["post-29394","post","type-post","status-publish","format-standard","hentry","category-escola","category-esport","category-vela","tag-131","tag-170","tag-competicions","tag-creuer","tag-europe","tag-flotes","tag-mundial","tag-regates","tag-windsurf"],"acf":[],"_links":{"self":[{"href":"https:\/\/www.cnelbalis.com\/ca\/wp-json\/wp\/v2\/posts\/29394","targetHints":{"allow":["GET"]}}],"collection":[{"href":"https:\/\/www.cnelbalis.com\/ca\/wp-json\/wp\/v2\/posts"}],"about":[{"href":"https:\/\/www.cnelbalis.com\/ca\/wp-json\/wp\/v2\/types\/post"}],"author":[{"embeddable":true,"href":"https:\/\/www.cnelbalis.com\/ca\/wp-json\/wp\/v2\/users\/1"}],"replies":[{"embeddable":true,"href":"https:\/\/www.cnelbalis.com\/ca\/wp-json\/wp\/v2\/comments?post=29394"}],"version-history":[{"count":1,"href":"https:\/\/www.cnelbalis.com\/ca\/wp-json\/wp\/v2\/posts\/29394\/revisions"}],"predecessor-version":[{"id":31371,"href":"https:\/\/www.cnelbalis.com\/ca\/wp-json\/wp\/v2\/posts\/29394\/revisions\/31371"}],"wp:attachment":[{"href":"https:\/\/www.cnelbalis.com\/ca\/wp-json\/wp\/v2\/media?parent=29394"}],"wp:term":[{"taxonomy":"category","embeddable":true,"href":"https:\/\/www.cnelbalis.com\/ca\/wp-json\/wp\/v2\/categories?post=29394"},{"taxonomy":"post_tag","embeddable":true,"href":"https:\/\/www.cnelbalis.com\/ca\/wp-json\/wp\/v2\/tags?post=29394"}],"curies":[{"name":"wp","href":"https:\/\/api.w.org\/{rel}","templated":true}]}}