{"id":29393,"date":"2021-03-03T12:21:46","date_gmt":"2021-03-03T11:21:46","guid":{"rendered":"https:\/\/club.cnelbalis.com\/florian-trittel-i-tara-pacheco-cami-a-toquio\/"},"modified":"2022-06-24T09:01:12","modified_gmt":"2022-06-24T07:01:12","slug":"florian-trittel-i-tara-pacheco-cami-a-toquio","status":"publish","type":"post","link":"https:\/\/www.cnelbalis.com\/ca\/florian-trittel-i-tara-pacheco-cami-a-toquio\/","title":{"rendered":"Florian Trittel i Tara Pacheco, cam\u00ed a T\u00f2quio"},"content":{"rendered":"<p><strong>\u2022 Tara Pacheco i Florian Trittel han protagonitzat una campanya ol\u00edmpica expr\u00e9s, una cursa a contrarellotge per ser al Top10 mundial forjada amb treball i equilibri de les parts.<\/strong><\/p>\n<p>El Nacra 17 \u00e9s el vaixell volador dels Jocs Ol\u00edmpics de T\u00f2quio, un vol que ha apr\u00e8s a dominar amb precisi\u00f3 l&#8217;equip format per Tara Pacheco i Florian Trittel, dos atletes d&#8217;\u00e8lit de l&#8217;ESP Sailing Team que saben trobar l&#8217;equilibri de les seves qualitats complementant per a l&#8217;\u00e8xit.<\/p>\n<p>La d&#8217;ells ha estat una campanya ol\u00edmpica expr\u00e9s, una cursa a contrarellotge iniciada fa dos anys a l&#8217;abandonar Fernando Ech\u00e1varri el seu somni ol\u00edmpic per motius personals. Tara Pacheco va trobar llavors a Florian Trittel, regatista del CN El Bal\u00eds, el seu complement perfecte i aquest va demostrar el seu talent innat a l&#8217;adaptar-se sense escletxes a una embarcaci\u00f3 que no coneixia per\u00f2 que va dominar amb rapidesa.<\/p>\n<p>Florian va aportar energia, s\u00e0via nova per a un projecte amb molt potencial en el qual les habilitats de cada un dels components de l&#8217;equip es complementen a la perfecci\u00f3, s&#8217;equilibren per avan\u00e7ar amb la certesa del &#8220;si volem, podem&#8221;, un convenciment que comparteixen per estar a l&#8217;al\u00e7ada de el repte que tenen per davant: l&#8217;\u00e8xit a T\u00f2quio 2021.<\/p>\n\n","protected":false},"excerpt":{"rendered":"<p>\u2022 Tara Pacheco i Florian Trittel han protagonitzat una campanya ol\u00edmpica expr\u00e9s, una cursa a contrarellotge per ser al Top10 mundial forjada amb treball i equilibri de les parts. El Nacra 17 \u00e9s el vaixell volador dels Jocs Ol\u00edmpics de T\u00f2quio, un vol que ha apr\u00e8s a dominar amb precisi\u00f3 l&#8217;equip format per Tara Pacheco [&hellip;]<\/p>\n","protected":false},"author":1,"featured_media":0,"comment_status":"open","ping_status":"open","sticky":false,"template":"","format":"standard","meta":{"footnotes":""},"categories":[783,782,23],"tags":[226,402,481,88,52],"class_list":["post-29393","post","type-post","status-publish","format-standard","hentry","category-escola","category-esport","category-vela","tag-florian","tag-olimpicos","tag-tokio","tag-trittel","tag-vela"],"acf":[],"_links":{"self":[{"href":"https:\/\/www.cnelbalis.com\/ca\/wp-json\/wp\/v2\/posts\/29393","targetHints":{"allow":["GET"]}}],"collection":[{"href":"https:\/\/www.cnelbalis.com\/ca\/wp-json\/wp\/v2\/posts"}],"about":[{"href":"https:\/\/www.cnelbalis.com\/ca\/wp-json\/wp\/v2\/types\/post"}],"author":[{"embeddable":true,"href":"https:\/\/www.cnelbalis.com\/ca\/wp-json\/wp\/v2\/users\/1"}],"replies":[{"embeddable":true,"href":"https:\/\/www.cnelbalis.com\/ca\/wp-json\/wp\/v2\/comments?post=29393"}],"version-history":[{"count":1,"href":"https:\/\/www.cnelbalis.com\/ca\/wp-json\/wp\/v2\/posts\/29393\/revisions"}],"predecessor-version":[{"id":31370,"href":"https:\/\/www.cnelbalis.com\/ca\/wp-json\/wp\/v2\/posts\/29393\/revisions\/31370"}],"wp:attachment":[{"href":"https:\/\/www.cnelbalis.com\/ca\/wp-json\/wp\/v2\/media?parent=29393"}],"wp:term":[{"taxonomy":"category","embeddable":true,"href":"https:\/\/www.cnelbalis.com\/ca\/wp-json\/wp\/v2\/categories?post=29393"},{"taxonomy":"post_tag","embeddable":true,"href":"https:\/\/www.cnelbalis.com\/ca\/wp-json\/wp\/v2\/tags?post=29393"}],"curies":[{"name":"wp","href":"https:\/\/api.w.org\/{rel}","templated":true}]}}