{"id":29391,"date":"2021-02-22T09:49:15","date_gmt":"2021-02-22T08:49:15","guid":{"rendered":"https:\/\/club.cnelbalis.com\/pablo-ruiz-i-javi-mestre-vencedors-absoluts-de-leurosaf-420-carnival-regatta\/"},"modified":"2022-06-24T09:01:12","modified_gmt":"2022-06-24T07:01:12","slug":"pablo-ruiz-i-javi-mestre-vencedors-absoluts-de-leurosaf-420-carnival-regatta","status":"publish","type":"post","link":"https:\/\/www.cnelbalis.com\/ca\/pablo-ruiz-i-javi-mestre-vencedors-absoluts-de-leurosaf-420-carnival-regatta\/","title":{"rendered":"Pablo Ruiz i Javi Mestre, vencedors absoluts de l\u2019Eurosaf 420, Carnival Regatta"},"content":{"rendered":"<p>La primera parada del circuit d\u2019Eurosaf 420, Carnival Regatta, va finalitzar ahir 21 de febrer despr\u00e9s de quatre dies de competici\u00f3 a San Remo, It\u00e0lia.<\/p>\n<p>Les condicions meteorol\u00f2giques per\u00f2 nom\u00e9s van permetre realitzar 3 proves el dissabte ja que els dos primers dies no es va poder disputar cap prova per falta de vent i l\u2019\u00faltim per exc\u00e9s arribant als 30 nusos. El dissabte va ser l\u2019\u00fanic dia de proves amb una bona intensitat d\u2019entre 15 i 20 nusos.<\/p>\n<p><strong>Pablo Ruiz i Javi Mestre van proclamar-se vencedors absoluts<\/strong> d\u2019aquesta regata internacional on van participar 86 embarcacions. <strong>Tatan Riquelme i Miquel P\u00e9rez van aconseguir pujar al podi i emportar-se el bronze<\/strong>. Aix\u00ed mateix, Pau Llibre i Alberto Marsans van finalizar en Top 10 en desena posici\u00f3 i Gonzalo Ferrando i Trist\u00e1n Marsans, 27ns.<\/p>\n<p>La segona parada del circuit 2021 es celebrar\u00e0 a Vilamoura, Portugal, el 27 de mar\u00e7, on desitgem que els regatistes d\u2019El Bal\u00eds segueixin lluitant per mantenir aquests bons resultats, uns resultats meritoris gr\u00e0cies a l\u2019esfor\u00e7 i dedicaci\u00f3 que aporten.<\/p>\n<p>Enhorabona!<\/p>\n\n<p>&nbsp;<\/p>\n","protected":false},"excerpt":{"rendered":"<p>La primera parada del circuit d\u2019Eurosaf 420, Carnival Regatta, va finalitzar ahir 21 de febrer despr\u00e9s de quatre dies de competici\u00f3 a San Remo, It\u00e0lia. Les condicions meteorol\u00f2giques per\u00f2 nom\u00e9s van permetre realitzar 3 proves el dissabte ja que els dos primers dies no es va poder disputar cap prova per falta de vent i [&hellip;]<\/p>\n","protected":false},"author":1,"featured_media":0,"comment_status":"open","ping_status":"open","sticky":false,"template":"","format":"standard","meta":{"footnotes":""},"categories":[783,782,23],"tags":[131,65,69,591,2227,76,521],"class_list":["post-29391","post","type-post","status-publish","format-standard","hentry","category-escola","category-esport","category-vela","tag-131","tag-balis","tag-competicio","tag-flota","tag-italia","tag-regata","tag-san-remo"],"acf":[],"_links":{"self":[{"href":"https:\/\/www.cnelbalis.com\/ca\/wp-json\/wp\/v2\/posts\/29391","targetHints":{"allow":["GET"]}}],"collection":[{"href":"https:\/\/www.cnelbalis.com\/ca\/wp-json\/wp\/v2\/posts"}],"about":[{"href":"https:\/\/www.cnelbalis.com\/ca\/wp-json\/wp\/v2\/types\/post"}],"author":[{"embeddable":true,"href":"https:\/\/www.cnelbalis.com\/ca\/wp-json\/wp\/v2\/users\/1"}],"replies":[{"embeddable":true,"href":"https:\/\/www.cnelbalis.com\/ca\/wp-json\/wp\/v2\/comments?post=29391"}],"version-history":[{"count":1,"href":"https:\/\/www.cnelbalis.com\/ca\/wp-json\/wp\/v2\/posts\/29391\/revisions"}],"predecessor-version":[{"id":31368,"href":"https:\/\/www.cnelbalis.com\/ca\/wp-json\/wp\/v2\/posts\/29391\/revisions\/31368"}],"wp:attachment":[{"href":"https:\/\/www.cnelbalis.com\/ca\/wp-json\/wp\/v2\/media?parent=29391"}],"wp:term":[{"taxonomy":"category","embeddable":true,"href":"https:\/\/www.cnelbalis.com\/ca\/wp-json\/wp\/v2\/categories?post=29391"},{"taxonomy":"post_tag","embeddable":true,"href":"https:\/\/www.cnelbalis.com\/ca\/wp-json\/wp\/v2\/tags?post=29391"}],"curies":[{"name":"wp","href":"https:\/\/api.w.org\/{rel}","templated":true}]}}