{"id":29389,"date":"2021-01-25T12:49:05","date_gmt":"2021-01-25T11:49:05","guid":{"rendered":"https:\/\/club.cnelbalis.com\/inscripcions-obertes-pel-casal-de-setmana-santa-balis-camp-amb-descomptes\/"},"modified":"2022-06-24T09:01:12","modified_gmt":"2022-06-24T07:01:12","slug":"inscripcions-obertes-pel-casal-de-setmana-santa-balis-camp-amb-descomptes","status":"publish","type":"post","link":"https:\/\/www.cnelbalis.com\/ca\/inscripcions-obertes-pel-casal-de-setmana-santa-balis-camp-amb-descomptes\/","title":{"rendered":"Inscripcions obertes pel Casal de Setmana Santa Bal\u00eds Camp amb descomptes!"},"content":{"rendered":"<p>A partir d\u2019aquesta i durant tot el febrer gaudeix d\u2019un 10% de descompte a la inscripci\u00f3 del Casal de Setmana Santa Bal\u00eds Camp.<\/p>\n<p><img loading=\"lazy\" decoding=\"async\" class=\"size-medium wp-image-20769 alignleft\" src=\"https:\/\/www.cnelbalis.com\/wp-content\/uploads\/vj-w\/-i\/banner-setmana-santa-300x290.png\" alt=\"\" width=\"300\" height=\"290\" \/><\/p>\n<p>Aquest any m\u00e9s que mai, els nens i nenes han de gaudir a l\u2019aire lliure, viure moments inoblidables amb altres companys i practicar esport. Nosaltres ho reunim tot per oferir-te un Casal que compleix, a m\u00e9s a m\u00e9s, totes les mesures i restriccions necess\u00e0ries per evitar els contagis de la Covid-19.<\/p>\n<p>Els cursos estan orientats a nens i nenes des de 4 a 17 anys, separats per edats i perqu\u00e8 tots ells gaudeixin d\u2019uns dies de vacances diferents i divertits. Durant les cinc hores de casal, de 9 a 14h, a m\u00e9s a m\u00e9s d\u2019aprendre i familiaritzar-se en el m\u00f3n de la vela, tamb\u00e9 realitzaran jocs de platja, p\u00e0del , tallers n\u00e0utics, windsurf, caiac i p\u00e0del surf. (Menjador de 14-15h, opcional).<\/p>\n<p>Anticipa\u2019t i realitza la inscripci\u00f3,<a href=\"https:\/\/esports.cnelbalis.com\/campus\" target=\"_blank\" rel=\"noopener noreferrer\"> aqu\u00ed<\/a>! Durant el gener i febrer gaudir\u00e0s d\u2019un 10% de descompte afegint el cup\u00f3: <strong>SSCAMP<\/strong>.<\/p>\n<p><em>A causa de la situaci\u00f3 sanit\u00e0ria actual pel COVID-19, no garantim al 100% que puguem seguir amb la planificaci\u00f3 actual. El que s\u00ed podem assegurar \u00e9s que sempre realitzarem les activitats amb les mesures necess\u00e0ries com vam fer al Bal\u00eds Camp d\u2019estiu (0 contagis en tot l\u2019estiu) i, si finalment, per for\u00e7a major no pogu\u00e9ssim oferir el Bal\u00eds Camp, abonar\u00edem el 100% de les inscripcions.<\/em><\/p>\n","protected":false},"excerpt":{"rendered":"<p>A partir d\u2019aquesta i durant tot el febrer gaudeix d\u2019un 10% de descompte a la inscripci\u00f3 del Casal de Setmana Santa Bal\u00eds Camp. Aquest any m\u00e9s que mai, els nens i nenes han de gaudir a l\u2019aire lliure, viure moments inoblidables amb altres companys i practicar esport. Nosaltres ho reunim tot per oferir-te un Casal [&hellip;]<\/p>\n","protected":false},"author":1,"featured_media":0,"comment_status":"open","ping_status":"open","sticky":false,"template":"","format":"standard","meta":{"footnotes":""},"categories":[783,782,23],"tags":[65,217,234,633,230,731,660,425,603,1800,777],"class_list":["post-29389","post","type-post","status-publish","format-standard","hentry","category-escola","category-esport","category-vela","tag-balis","tag-camp","tag-campus","tag-casal","tag-club","tag-diversio","tag-nens","tag-port","tag-regates","tag-santa","tag-setmana"],"acf":[],"_links":{"self":[{"href":"https:\/\/www.cnelbalis.com\/ca\/wp-json\/wp\/v2\/posts\/29389","targetHints":{"allow":["GET"]}}],"collection":[{"href":"https:\/\/www.cnelbalis.com\/ca\/wp-json\/wp\/v2\/posts"}],"about":[{"href":"https:\/\/www.cnelbalis.com\/ca\/wp-json\/wp\/v2\/types\/post"}],"author":[{"embeddable":true,"href":"https:\/\/www.cnelbalis.com\/ca\/wp-json\/wp\/v2\/users\/1"}],"replies":[{"embeddable":true,"href":"https:\/\/www.cnelbalis.com\/ca\/wp-json\/wp\/v2\/comments?post=29389"}],"version-history":[{"count":1,"href":"https:\/\/www.cnelbalis.com\/ca\/wp-json\/wp\/v2\/posts\/29389\/revisions"}],"predecessor-version":[{"id":31366,"href":"https:\/\/www.cnelbalis.com\/ca\/wp-json\/wp\/v2\/posts\/29389\/revisions\/31366"}],"wp:attachment":[{"href":"https:\/\/www.cnelbalis.com\/ca\/wp-json\/wp\/v2\/media?parent=29389"}],"wp:term":[{"taxonomy":"category","embeddable":true,"href":"https:\/\/www.cnelbalis.com\/ca\/wp-json\/wp\/v2\/categories?post=29389"},{"taxonomy":"post_tag","embeddable":true,"href":"https:\/\/www.cnelbalis.com\/ca\/wp-json\/wp\/v2\/tags?post=29389"}],"curies":[{"name":"wp","href":"https:\/\/api.w.org\/{rel}","templated":true}]}}